{"id":3738,"date":"2016-04-05T08:29:36","date_gmt":"2016-04-05T08:29:36","guid":{"rendered":"http:\/\/blogs.hoy.es\/senderosextremadura\/?p=3738"},"modified":"2016-04-05T08:29:36","modified_gmt":"2016-04-05T08:29:36","slug":"caminata-hasta-la-garganta-del-fraile-de-monfrague-10-de-abril","status":"publish","type":"post","link":"https:\/\/blogs.hoy.es\/senderosextremadura\/2016\/04\/05\/caminata-hasta-la-garganta-del-fraile-de-monfrague-10-de-abril\/","title":{"rendered":"Caminata hasta la Garganta del Fraile de Monfrag\u00fce (10 de abril)"},"content":{"rendered":"<p><a href=\"https:\/\/blogs.hoy.es\/senderosextremadura\/\"><img loading=\"lazy\" class=\"aligncenter size-large wp-image-3743\" title=\"\" src=\"\/senderosextremadura\/wp-content\/uploads\/sites\/22\/2016\/04\/monfrague.jpg\" alt=\"\" width=\"600\" height=\"222\" srcset=\"https:\/\/static-blogs.hoy.es\/wp-content\/uploads\/sites\/22\/2016\/04\/monfrague.jpg 800w, https:\/\/static-blogs.hoy.es\/wp-content\/uploads\/sites\/22\/2016\/04\/monfrague-300x111.jpg 300w, https:\/\/static-blogs.hoy.es\/wp-content\/uploads\/sites\/22\/2016\/04\/monfrague-768x284.jpg 768w, https:\/\/static-blogs.hoy.es\/wp-content\/uploads\/sites\/22\/2016\/04\/monfrague-600x222.jpg 600w\" sizes=\"(max-width: 600px) 100vw, 600px\" \/><\/a><\/p>\n<p>ZonaViaje realizar\u00e1 el pr\u00f3ximo domingo una ruta senderista por el <strong>Parque Nacional de Monfrag\u00fce<\/strong>. La marcha partir\u00e1 de la localidad de Serradilla y el objetivo es conocer la\u00a0<strong>Garganta del Fraile<\/strong>. \u00a0Se recorrer\u00e1n una distancia de 13,7 kil\u00f3metros en un trayecto de dificultad media-baja. <!--more-->Los participantes saldr\u00e1n a las ocho de la ma\u00f1ana en autob\u00fas desde Badajoz, a las 8.45 desde M\u00e9rida y a las 9.30 horas desde C\u00e1ceres. El precio de inscripci\u00f3n es de 20 euros por adulto y 15 euros por ni\u00f1o (mayor de 12 a\u00f1os). Incluye traslados, gu\u00eda titulado y seguro.<\/p>\n<p>Las inscripciones pueden realizarse <a href=\"http:\/\/www.reunalia.com\/v03\/inscripciones\/inscripcion_paso2.aspx?Evento=F8399E73F9767DFD&#038;Plaza=10930&#038;PlazaTarifa=106944&#038;if=&#038;c=\" target=\"_blank\" rel=\"external nofollow\">a trav\u00e9s de este link.\u00a0<\/a><\/p>\n<!-- AddThis Advanced Settings generic via filter on the_content --><!-- AddThis Share Buttons generic via filter on the_content -->","protected":false},"excerpt":{"rendered":"<p>ZonaViaje realizar\u00e1 el pr\u00f3ximo domingo una ruta senderista por el Parque Nacional de Monfrag\u00fce. La marcha partir\u00e1 de la localidad de Serradilla y el objetivo es conocer la\u00a0Garganta del Fraile. \u00a0Se recorrer\u00e1n una distancia de 13,7 kil\u00f3metros en un trayecto de dificultad media-baja.<!-- AddThis Advanced Settings generic via filter on get_the_excerpt --><!-- AddThis Share Buttons generic via filter on get_the_excerpt --><\/p>\n","protected":false},"author":27,"featured_media":0,"comment_status":"open","ping_status":"closed","sticky":false,"template":"","format":"standard","meta":[],"categories":[3],"tags":[344,821,836,861,906,917,964,1035],"_links":{"self":[{"href":"https:\/\/blogs.hoy.es\/senderosextremadura\/wp-json\/wp\/v2\/posts\/3738"}],"collection":[{"href":"https:\/\/blogs.hoy.es\/senderosextremadura\/wp-json\/wp\/v2\/posts"}],"about":[{"href":"https:\/\/blogs.hoy.es\/senderosextremadura\/wp-json\/wp\/v2\/types\/post"}],"author":[{"embeddable":true,"href":"https:\/\/blogs.hoy.es\/senderosextremadura\/wp-json\/wp\/v2\/users\/27"}],"replies":[{"embeddable":true,"href":"https:\/\/blogs.hoy.es\/senderosextremadura\/wp-json\/wp\/v2\/comments?post=3738"}],"version-history":[{"count":0,"href":"https:\/\/blogs.hoy.es\/senderosextremadura\/wp-json\/wp\/v2\/posts\/3738\/revisions"}],"wp:attachment":[{"href":"https:\/\/blogs.hoy.es\/senderosextremadura\/wp-json\/wp\/v2\/media?parent=3738"}],"wp:term":[{"taxonomy":"category","embeddable":true,"href":"https:\/\/blogs.hoy.es\/senderosextremadura\/wp-json\/wp\/v2\/categories?post=3738"},{"taxonomy":"post_tag","embeddable":true,"href":"https:\/\/blogs.hoy.es\/senderosextremadura\/wp-json\/wp\/v2\/tags?post=3738"}],"curies":[{"name":"wp","href":"https:\/\/api.w.org\/{rel}","templated":true}]}}