{"id":3740,"date":"2016-04-05T08:37:29","date_gmt":"2016-04-05T08:37:29","guid":{"rendered":"http:\/\/blogs.hoy.es\/senderosextremadura\/?p=3740"},"modified":"2016-04-05T08:37:29","modified_gmt":"2016-04-05T08:37:29","slug":"guarena-celebra-este-domingo-la-v-marcha-senderista-valdearenales","status":"publish","type":"post","link":"https:\/\/blogs.hoy.es\/senderosextremadura\/2016\/04\/05\/guarena-celebra-este-domingo-la-v-marcha-senderista-valdearenales\/","title":{"rendered":"Guare\u00f1a celebra este domingo la V Marcha Senderista Valdearenales"},"content":{"rendered":"<p><a href=\"https:\/\/blogs.hoy.es\/senderosextremadura\/\"><img loading=\"lazy\" class=\"aligncenter size-large wp-image-3741\" title=\"\" src=\"\/senderosextremadura\/wp-content\/uploads\/sites\/22\/2016\/04\/senderistas-del-club-valdearenales.jpg\" alt=\"\" width=\"600\" height=\"399\" srcset=\"https:\/\/static-blogs.hoy.es\/wp-content\/uploads\/sites\/22\/2016\/04\/senderistas-del-club-valdearenales.jpg 700w, https:\/\/static-blogs.hoy.es\/wp-content\/uploads\/sites\/22\/2016\/04\/senderistas-del-club-valdearenales-300x200.jpg 300w, https:\/\/static-blogs.hoy.es\/wp-content\/uploads\/sites\/22\/2016\/04\/senderistas-del-club-valdearenales-600x399.jpg 600w\" sizes=\"(max-width: 600px) 100vw, 600px\" \/><\/a><\/p>\n<p>Guare\u00f1a celebra el pr\u00f3ximo domingo 10 de abril la <strong>V Marcha Senderista Valdearenales<\/strong>. La caminata comenzar\u00e1 a las nueve y media de la ma\u00f1ana (concentraci\u00f3n desde las 8.45 para dar la salida). La ruta tiene su lugar de inicio y concentraci\u00f3n en el pantano de San Roque. All\u00ed se recibir\u00e1 a todos los senderistas con un caf\u00e9 y dulces, para hacer m\u00e1s amena la espera la recepci\u00f3n y acreditaci\u00f3n. Se espera la participaci\u00f3n de unas 600 personas. La organizaci\u00f3n ha dise\u00f1ado dos rutas alternativas, una de 19 kil\u00f3metros y otra m\u00e1s corta, de 12. <!--more--><br \/>\nLos caminantes se adentrar\u00e1n por el paraje Valdearenales, situado en la zona sur del t\u00e9rmino municipal de Guare\u00f1a. Seg\u00fan los mayores del municipio, el significado de este nombre se debe a bald\u00edos de arenales . Su orograf\u00eda est\u00e1 determinada por leves cerros, caminos y veredas, destacando la Ca\u00f1ada Real Leonesa Occidental que atraviesa la zona de Este a Oeste. Por dicha v\u00eda pecuaria pasaban los garrochistas conduciendo manadas de toros procedentes de Sevilla para las lidias en Las Ventas de Madrid.<br \/>\nLa zona es rica en fauna y flora bien cantada en poemas del insigne Luis Chamizo, Hijo Ilustre de la Villa de Guare\u00f1a, quien ensalz\u00f3 las virtudes y los encantos que encierra Valdearenales en sus coplillas en cast\u00fao.<\/p>\n<p>Una vez finalizada la ruta la organizaci\u00f3n obsequiar\u00e1 a todos los senderistas inscritos con un aperitivo. Los senderistas federados pagar\u00e1n dos euros y los no federados tres.<\/p>\n<p>Se trata de una prueba incluida en el Circuito Camina Extremadura 2016. Organizada por la <a href=\"http:\/\/clubdesendederismovaldearenales.blogspot.com.es\/\" target=\"_blank\" rel=\"external nofollow\"><strong>Asociaci\u00f3n Senderista Valdearenales<\/strong> <\/a>y con el patrocinio de la Direcci\u00f3n General de Deportes del Gobierno de Extremadura, la Federaci\u00f3n Extreme\u00f1a de Monta\u00f1a y Escalada (FEXME), el Ayuntamiento de Guare\u00f1a, entre otros colaboradores.<\/p>\n<p>&nbsp;<\/p>\n<!-- AddThis Advanced Settings generic via filter on the_content --><!-- AddThis Share Buttons generic via filter on the_content -->","protected":false},"excerpt":{"rendered":"<p>Guare\u00f1a celebra el pr\u00f3ximo domingo 10 de abril la V Marcha Senderista Valdearenales. La caminata comenzar\u00e1 a las nueve y media de la ma\u00f1ana (concentraci\u00f3n desde las 8.45 para dar la salida). La ruta tiene su lugar de inicio y concentraci\u00f3n en el pantano de San Roque. All\u00ed se recibir\u00e1 a todos los senderistas con [&hellip;]<!-- AddThis Advanced Settings generic via filter on get_the_excerpt --><!-- AddThis Share Buttons generic via filter on get_the_excerpt --><\/p>\n","protected":false},"author":27,"featured_media":0,"comment_status":"open","ping_status":"closed","sticky":false,"template":"","format":"standard","meta":[],"categories":[3],"tags":[372,817,847,1048],"_links":{"self":[{"href":"https:\/\/blogs.hoy.es\/senderosextremadura\/wp-json\/wp\/v2\/posts\/3740"}],"collection":[{"href":"https:\/\/blogs.hoy.es\/senderosextremadura\/wp-json\/wp\/v2\/posts"}],"about":[{"href":"https:\/\/blogs.hoy.es\/senderosextremadura\/wp-json\/wp\/v2\/types\/post"}],"author":[{"embeddable":true,"href":"https:\/\/blogs.hoy.es\/senderosextremadura\/wp-json\/wp\/v2\/users\/27"}],"replies":[{"embeddable":true,"href":"https:\/\/blogs.hoy.es\/senderosextremadura\/wp-json\/wp\/v2\/comments?post=3740"}],"version-history":[{"count":0,"href":"https:\/\/blogs.hoy.es\/senderosextremadura\/wp-json\/wp\/v2\/posts\/3740\/revisions"}],"wp:attachment":[{"href":"https:\/\/blogs.hoy.es\/senderosextremadura\/wp-json\/wp\/v2\/media?parent=3740"}],"wp:term":[{"taxonomy":"category","embeddable":true,"href":"https:\/\/blogs.hoy.es\/senderosextremadura\/wp-json\/wp\/v2\/categories?post=3740"},{"taxonomy":"post_tag","embeddable":true,"href":"https:\/\/blogs.hoy.es\/senderosextremadura\/wp-json\/wp\/v2\/tags?post=3740"}],"curies":[{"name":"wp","href":"https:\/\/api.w.org\/{rel}","templated":true}]}}