{"id":3751,"date":"2016-04-14T07:08:22","date_gmt":"2016-04-14T07:08:22","guid":{"rendered":"http:\/\/blogs.hoy.es\/senderosextremadura\/?p=3751"},"modified":"2016-04-14T07:08:22","modified_gmt":"2016-04-14T07:08:22","slug":"el-domingo-ruta-senderista-por-oliva-de-la-frontera","status":"publish","type":"post","link":"https:\/\/blogs.hoy.es\/senderosextremadura\/2016\/04\/14\/el-domingo-ruta-senderista-por-oliva-de-la-frontera\/","title":{"rendered":"El domingo, caminata saludable por Oliva de la Frontera"},"content":{"rendered":"<div id=\"attachment_3753\" style=\"width: 610px\" class=\"wp-caption aligncenter\"><a href=\"https:\/\/blogs.hoy.es\/senderosextremadura\/\"><img aria-describedby=\"caption-attachment-3753\" loading=\"lazy\" class=\"size-large wp-image-3753\" title=\"\" src=\"\/senderosextremadura\/wp-content\/uploads\/sites\/22\/2016\/04\/jose-mari.jpg\" alt=\"\" width=\"600\" height=\"450\" srcset=\"https:\/\/static-blogs.hoy.es\/wp-content\/uploads\/sites\/22\/2016\/04\/jose-mari.jpg 700w, https:\/\/static-blogs.hoy.es\/wp-content\/uploads\/sites\/22\/2016\/04\/jose-mari-300x225.jpg 300w, https:\/\/static-blogs.hoy.es\/wp-content\/uploads\/sites\/22\/2016\/04\/jose-mari-600x450.jpg 600w\" sizes=\"(max-width: 600px) 100vw, 600px\" \/><\/a><p id=\"caption-attachment-3753\" class=\"wp-caption-text\">Paisaje primaveral en Oliva de la Frontera:: JOS\u00c9 MARI TORRADO<\/p><\/div>\n<p>El pr\u00f3ximo domingo, 17 de abril , la Asociaci\u00f3n Cultural de Personas con Diabetes de Oliva de la Frontera (ACDOF) celebra, con la colaboraci\u00f3n de numerosas casas comerciales, el Ayuntamiento de la localidad, la Polic\u00eda Local y Protecci\u00f3n Civil, la Sexta Caminata Saludable, con un recorrido de unos 12 kil\u00f3metros. La marcha partir\u00e1 de la Plaza de la Constituci\u00f3n a las 10.00 horas.<\/p>\n<p><!--more-->Los interesados deben realizar las inscripciones en Librer\u00eda Mar\u00edn o Calzados Luciano, antes del 14 de abril. Habr\u00e1 tentempi\u00e9 a base de fruta, pulguitas y agua, para todos los participantes. Las inscripciones ser\u00e1n gratuitas para los socios y para el resto de participantes, la cuota es de 3 euros.<\/p>\n<p>&nbsp;<\/p>\n<p>Consulta <a href=\"http:\/\/olivafrontera.com\/archivos\/Documentos\/2014\/02\/26\/50081033-Guia-Rutas-Corregida-Web_opt.pdf\" target=\"_blank\" rel=\"external nofollow\">m\u00e1s rutas senderistas en Oliva de la Frontera.<\/a><\/p>\n<p>&nbsp;<\/p>\n<!-- AddThis Advanced Settings generic via filter on the_content --><!-- AddThis Share Buttons generic via filter on the_content -->","protected":false},"excerpt":{"rendered":"<p>El pr\u00f3ximo domingo, 17 de abril , la Asociaci\u00f3n Cultural de Personas con Diabetes de Oliva de la Frontera (ACDOF) celebra, con la colaboraci\u00f3n de numerosas casas comerciales, el Ayuntamiento de la localidad, la Polic\u00eda Local y Protecci\u00f3n Civil, la Sexta Caminata Saludable, con un recorrido de unos 12 kil\u00f3metros. La marcha partir\u00e1 de la [&hellip;]<!-- AddThis Advanced Settings generic via filter on get_the_excerpt --><!-- AddThis Share Buttons generic via filter on get_the_excerpt --><\/p>\n","protected":false},"author":27,"featured_media":0,"comment_status":"open","ping_status":"closed","sticky":false,"template":"","format":"standard","meta":[],"categories":[3],"tags":[584,817,906],"_links":{"self":[{"href":"https:\/\/blogs.hoy.es\/senderosextremadura\/wp-json\/wp\/v2\/posts\/3751"}],"collection":[{"href":"https:\/\/blogs.hoy.es\/senderosextremadura\/wp-json\/wp\/v2\/posts"}],"about":[{"href":"https:\/\/blogs.hoy.es\/senderosextremadura\/wp-json\/wp\/v2\/types\/post"}],"author":[{"embeddable":true,"href":"https:\/\/blogs.hoy.es\/senderosextremadura\/wp-json\/wp\/v2\/users\/27"}],"replies":[{"embeddable":true,"href":"https:\/\/blogs.hoy.es\/senderosextremadura\/wp-json\/wp\/v2\/comments?post=3751"}],"version-history":[{"count":0,"href":"https:\/\/blogs.hoy.es\/senderosextremadura\/wp-json\/wp\/v2\/posts\/3751\/revisions"}],"wp:attachment":[{"href":"https:\/\/blogs.hoy.es\/senderosextremadura\/wp-json\/wp\/v2\/media?parent=3751"}],"wp:term":[{"taxonomy":"category","embeddable":true,"href":"https:\/\/blogs.hoy.es\/senderosextremadura\/wp-json\/wp\/v2\/categories?post=3751"},{"taxonomy":"post_tag","embeddable":true,"href":"https:\/\/blogs.hoy.es\/senderosextremadura\/wp-json\/wp\/v2\/tags?post=3751"}],"curies":[{"name":"wp","href":"https:\/\/api.w.org\/{rel}","templated":true}]}}