{"id":3754,"date":"2016-04-18T20:06:30","date_gmt":"2016-04-18T20:06:30","guid":{"rendered":"http:\/\/blogs.hoy.es\/senderosextremadura\/?p=3754"},"modified":"2016-04-18T20:06:30","modified_gmt":"2016-04-18T20:06:30","slug":"mirabel-organiza-la-ruta-umbria-de-barbechoso-23-de-abril","status":"publish","type":"post","link":"https:\/\/blogs.hoy.es\/senderosextremadura\/2016\/04\/18\/mirabel-organiza-la-ruta-umbria-de-barbechoso-23-de-abril\/","title":{"rendered":"Mirabel organiza la ruta &#039;Umbr\u00eda de Barbechoso&#039; (23 de abril)"},"content":{"rendered":"<p><a href=\"https:\/\/blogs.hoy.es\/senderosextremadura\/\"><img loading=\"lazy\" class=\"aligncenter size-full wp-image-3755\" title=\"\" src=\"\/senderosextremadura\/wp-content\/uploads\/sites\/22\/2016\/04\/Ruta_Umbria_barbechoso_web2.png\" alt=\"\" width=\"595\" height=\"421\" srcset=\"https:\/\/static-blogs.hoy.es\/wp-content\/uploads\/sites\/22\/2016\/04\/Ruta_Umbria_barbechoso_web2.png 595w, https:\/\/static-blogs.hoy.es\/wp-content\/uploads\/sites\/22\/2016\/04\/Ruta_Umbria_barbechoso_web2-300x212.png 300w\" sizes=\"(max-width: 595px) 100vw, 595px\" \/><\/a><\/p>\n<p>El Ayuntamiento de Mirabel (ha organizado la I Ruta Senderista \u2018Umbr\u00eda de Barbechoso\u2019, que tendr\u00e1 lugar el pr\u00f3ximo s\u00e1bado, d\u00eda 23 y que se ha acondicionado a trav\u00e9s del Plan de Competitividad Tur\u00edstica de la Reserva de la Biosfera de Monfrag\u00fce, que gestiona la Diputaci\u00f3n de C\u00e1ceres.<!--more--><\/p>\n<p>El objetivo es dar a conocer los enclaves y paisajes por los que transcurre este recorrido de 12,8 kil\u00f3metros. Se trata de una ruta circular en la que los participantes podr\u00e1n disfrutar de la dehesa, de bosques de pinares, de bosques de casta\u00f1os y de madro\u00f1eras, adem\u00e1s de las vistas desde las zonas m\u00e1s elevadas.<br \/>\nEl circuito pasa tambi\u00e9n junto al Padre Santo, declarado \u00c1rbol Singular y que es uno de los dos alcornoques que tiene este reconocimiento en la localidad, el cual sorprender\u00e1 a los senderistas con sus casi 900 a\u00f1os y un di\u00e1metro de 27 metros en su copa.<br \/>\nLa salida de la ruta se har\u00e1 desde la plaza Mayor de Mirabel a las 9.00 horas y la llegada est\u00e1 prevista, al mismo punto, hacia las 13.30<br \/>\nEl circuito transcurre por pistas y senderos de una dificultad media con un desnivel acumulado de 351 metros, seg\u00fan recuerda el Ayuntamiento de Mirabel en la web que ha habilitado para dar a conocer este evento.<\/p>\n<!-- AddThis Advanced Settings generic via filter on the_content --><!-- AddThis Share Buttons generic via filter on the_content -->","protected":false},"excerpt":{"rendered":"<p>El Ayuntamiento de Mirabel (ha organizado la I Ruta Senderista \u2018Umbr\u00eda de Barbechoso\u2019, que tendr\u00e1 lugar el pr\u00f3ximo s\u00e1bado, d\u00eda 23 y que se ha acondicionado a trav\u00e9s del Plan de Competitividad Tur\u00edstica de la Reserva de la Biosfera de Monfrag\u00fce, que gestiona la Diputaci\u00f3n de C\u00e1ceres.<!-- AddThis Advanced Settings generic via filter on get_the_excerpt --><!-- AddThis Share Buttons generic via filter on get_the_excerpt --><\/p>\n","protected":false},"author":27,"featured_media":0,"comment_status":"open","ping_status":"closed","sticky":false,"template":"","format":"standard","meta":[],"categories":[3],"tags":[505,911],"_links":{"self":[{"href":"https:\/\/blogs.hoy.es\/senderosextremadura\/wp-json\/wp\/v2\/posts\/3754"}],"collection":[{"href":"https:\/\/blogs.hoy.es\/senderosextremadura\/wp-json\/wp\/v2\/posts"}],"about":[{"href":"https:\/\/blogs.hoy.es\/senderosextremadura\/wp-json\/wp\/v2\/types\/post"}],"author":[{"embeddable":true,"href":"https:\/\/blogs.hoy.es\/senderosextremadura\/wp-json\/wp\/v2\/users\/27"}],"replies":[{"embeddable":true,"href":"https:\/\/blogs.hoy.es\/senderosextremadura\/wp-json\/wp\/v2\/comments?post=3754"}],"version-history":[{"count":0,"href":"https:\/\/blogs.hoy.es\/senderosextremadura\/wp-json\/wp\/v2\/posts\/3754\/revisions"}],"wp:attachment":[{"href":"https:\/\/blogs.hoy.es\/senderosextremadura\/wp-json\/wp\/v2\/media?parent=3754"}],"wp:term":[{"taxonomy":"category","embeddable":true,"href":"https:\/\/blogs.hoy.es\/senderosextremadura\/wp-json\/wp\/v2\/categories?post=3754"},{"taxonomy":"post_tag","embeddable":true,"href":"https:\/\/blogs.hoy.es\/senderosextremadura\/wp-json\/wp\/v2\/tags?post=3754"}],"curies":[{"name":"wp","href":"https:\/\/api.w.org\/{rel}","templated":true}]}}