{"id":3757,"date":"2016-04-19T08:21:34","date_gmt":"2016-04-19T08:21:34","guid":{"rendered":"http:\/\/blogs.hoy.es\/senderosextremadura\/?p=3757"},"modified":"2016-04-19T08:21:34","modified_gmt":"2016-04-19T08:21:34","slug":"descubre-caminando-las-mejores-vistas-y-la-avifauna-de-puerto-pena","status":"publish","type":"post","link":"https:\/\/blogs.hoy.es\/senderosextremadura\/2016\/04\/19\/descubre-caminando-las-mejores-vistas-y-la-avifauna-de-puerto-pena\/","title":{"rendered":"Descubre caminando las mejores vistas y la avifauna de Puerto Pe\u00f1a"},"content":{"rendered":"<p><a href=\"https:\/\/blogs.hoy.es\/senderosextremadura\/\"><img loading=\"lazy\" class=\"aligncenter size-full wp-image-3759\" title=\"Roquedo de Puerto Pe\u00f1a, en la Siberia extreme\u00f1a:: BIRDING EXTREMADURA\" src=\"\/senderosextremadura\/wp-content\/uploads\/sites\/22\/2016\/04\/puerto-pena.jpg\" alt=\"\" width=\"500\" height=\"332\" srcset=\"https:\/\/static-blogs.hoy.es\/wp-content\/uploads\/sites\/22\/2016\/04\/puerto-pena.jpg 500w, https:\/\/static-blogs.hoy.es\/wp-content\/uploads\/sites\/22\/2016\/04\/puerto-pena-300x199.jpg 300w\" sizes=\"(max-width: 500px) 100vw, 500px\" \/><\/a><\/p>\n<p><span style=\"color: #141823;\"><span style=\"font-family: helvetica, arial, sans-serif;\"><span>El fin de semana llega con un ruta por el entorno de Puerto Pe\u00f1a, en la comarca pacense de La Siberia. La Asociaci\u00f3n Jamal ha preparado una caminata muy completa para conocer el paisaje que rodea el embalse de Garc\u00eda Sola. Tendr\u00e1 lugar el pr\u00f3ximo domingo 24 de abril y partir\u00e1 a las 9.30 horas de la ma\u00f1ana desde los aparcamientos de la playa de Puerto Pe\u00f1a. <!--more--><\/span><\/span><\/span><br \/>\n<span style=\"color: #141823;\"><span style=\"font-family: helvetica, arial, sans-serif;\"><span>La ruta de 7 kil\u00f3metros y dificultad media discurre por el ecosistemas del bosque mediterr\u00e1neo. Los caminantes se adentrar\u00e1n en un espeso bosque formado por pinos, acebuches, encinas, madro\u00f1os y otras plantas caracter\u00edsticas, para finalizar sobre la cima de la sierra de Puerto Pe\u00f1a, con unas vistas impresionantes de todo el embalse de Garc\u00eda de Sola. Despu\u00e9s, tendr\u00e1n la oportunidad de visitar el gran roquedo de Puerto Pe\u00f1a, donde observar\u00e1n la segunda colonia de Extremadura de buitres leonados adem\u00e1s de otras aves, algunas como la cig\u00fce\u00f1a negra, en peligro de extinci\u00f3n. Para finalizar la jornada los senderistas subir\u00e1n al Balc\u00f3n de Puerto Pe\u00f1a, desde podr\u00e1n disfrutar de otra panor\u00e1mica distinta de la zona. Los gu\u00edas explicar\u00e1n todo lo relacionado con la flora y fauna (especialmente la avifauna), asociados a este paraje de gran valor ecol\u00f3gico.<\/span><\/span><\/span><\/p>\n<p><span style=\"color: #141823;\"><span style=\"font-family: helvetica, arial, sans-serif;\"><span>La inscripci\u00f3n puede hacerse a trav\u00e9s del correo electr\u00f3nico asociacion.jamal@gmail.com o llamando al m\u00f3vil 695821147. Tiene un coste de 8 euros. \u00a0<\/span><\/span><\/span><\/p>\n<!-- AddThis Advanced Settings generic via filter on the_content --><!-- AddThis Share Buttons generic via filter on the_content -->","protected":false},"excerpt":{"rendered":"<p>El fin de semana llega con un ruta por el entorno de Puerto Pe\u00f1a, en la comarca pacense de La Siberia. La Asociaci\u00f3n Jamal ha preparado una caminata muy completa para conocer el paisaje que rodea el embalse de Garc\u00eda Sola. Tendr\u00e1 lugar el pr\u00f3ximo domingo 24 de abril y partir\u00e1 a las 9.30 horas [&hellip;]<!-- AddThis Advanced Settings generic via filter on get_the_excerpt --><!-- AddThis Share Buttons generic via filter on get_the_excerpt --><\/p>\n","protected":false},"author":27,"featured_media":0,"comment_status":"open","ping_status":"closed","sticky":false,"template":"","format":"standard","meta":[],"categories":[3],"tags":[280,669,817,851,873,906,969],"_links":{"self":[{"href":"https:\/\/blogs.hoy.es\/senderosextremadura\/wp-json\/wp\/v2\/posts\/3757"}],"collection":[{"href":"https:\/\/blogs.hoy.es\/senderosextremadura\/wp-json\/wp\/v2\/posts"}],"about":[{"href":"https:\/\/blogs.hoy.es\/senderosextremadura\/wp-json\/wp\/v2\/types\/post"}],"author":[{"embeddable":true,"href":"https:\/\/blogs.hoy.es\/senderosextremadura\/wp-json\/wp\/v2\/users\/27"}],"replies":[{"embeddable":true,"href":"https:\/\/blogs.hoy.es\/senderosextremadura\/wp-json\/wp\/v2\/comments?post=3757"}],"version-history":[{"count":0,"href":"https:\/\/blogs.hoy.es\/senderosextremadura\/wp-json\/wp\/v2\/posts\/3757\/revisions"}],"wp:attachment":[{"href":"https:\/\/blogs.hoy.es\/senderosextremadura\/wp-json\/wp\/v2\/media?parent=3757"}],"wp:term":[{"taxonomy":"category","embeddable":true,"href":"https:\/\/blogs.hoy.es\/senderosextremadura\/wp-json\/wp\/v2\/categories?post=3757"},{"taxonomy":"post_tag","embeddable":true,"href":"https:\/\/blogs.hoy.es\/senderosextremadura\/wp-json\/wp\/v2\/tags?post=3757"}],"curies":[{"name":"wp","href":"https:\/\/api.w.org\/{rel}","templated":true}]}}