{"id":3760,"date":"2016-04-19T14:57:44","date_gmt":"2016-04-19T14:57:44","guid":{"rendered":"http:\/\/blogs.hoy.es\/senderosextremadura\/?p=3760"},"modified":"2016-04-19T14:57:44","modified_gmt":"2016-04-19T14:57:44","slug":"la-ruta-del-rey-jayon-alcanza-su-xvi-edicion-24-de-abril","status":"publish","type":"post","link":"https:\/\/blogs.hoy.es\/senderosextremadura\/2016\/04\/19\/la-ruta-del-rey-jayon-alcanza-su-xvi-edicion-24-de-abril\/","title":{"rendered":"La Ruta del Rey Jay\u00f3n alcanza su XVI edici\u00f3n (24 de abril)"},"content":{"rendered":"<p><a href=\"https:\/\/blogs.hoy.es\/senderosextremadura\/\"><img loading=\"lazy\" class=\"aligncenter size-large wp-image-3762\" title=\"Ermita de Nuestra Se\u00f1ora del Ara.\" src=\"\/senderosextremadura\/wp-content\/uploads\/sites\/22\/2016\/04\/fuente-arco.jpg\" alt=\"\" width=\"600\" height=\"338\" srcset=\"https:\/\/static-blogs.hoy.es\/wp-content\/uploads\/sites\/22\/2016\/04\/fuente-arco.jpg 960w, https:\/\/static-blogs.hoy.es\/wp-content\/uploads\/sites\/22\/2016\/04\/fuente-arco-300x169.jpg 300w, https:\/\/static-blogs.hoy.es\/wp-content\/uploads\/sites\/22\/2016\/04\/fuente-arco-768x433.jpg 768w, https:\/\/static-blogs.hoy.es\/wp-content\/uploads\/sites\/22\/2016\/04\/fuente-arco-600x338.jpg 600w\" sizes=\"(max-width: 600px) 100vw, 600px\" \/><\/a><\/p>\n<p>La <strong>Ruta Senderista del Rey Jay\u00f3n<\/strong>, que este a\u00f1o alcanza su d\u00e9cimo sexta edici\u00f3n, volver\u00e1 a recorrer el pr\u00f3ximo domingo tierras de Campi\u00f1a Sur a trav\u00e9s de los t\u00e9rminos municipales de <strong>Llerena, Casas de Reina, Fuente del Arco, Reina y Trasierra<\/strong>. En total son 24 kil\u00f3metros que se prev\u00e9 recorran unos 1.300 participantes a t\u00edtulo personal o bien por clubes de senderismo.<!--more--><\/p>\n<p>La actividad comenzar\u00e1 a primeras horas del domingo en la plaza de Espa\u00f1a de Llerena para despu\u00e9s trasladarse en autobuses hasta Fuente del Arco, concretamente en la Mina de la Jayona. Aqu\u00ed se inicia la ruta en la que los participantes podr\u00e1n contemplar no s\u00f3lo este monumento natural, sino tambi\u00e9n enclaves hist\u00f3ricos como la Ermita de Nuestra Se\u00f1ora del Ara, la ca\u00f1ada real de la Rivera del Ara, la Alcazaba \u00c1rabe donde se ubica la Ermita visigoda de la Virgen de las Nieves o la ciudad romana de Regina.<\/p>\n<p>Los organizadores insistieron en el car\u00e1cter no competitivo de la actividad por lo que se recomienda disfrutar de la convivencia en un entorno rico en patrimonio natural e hist\u00f3rico.<\/p>\n<p>La participaci\u00f3n es gratuita, pero es necesario realizar una inscripci\u00f3n a trav\u00e9s de la Oficina de Turismo de Llerena o del correo electr\u00f3nico <strong>oficinaturismo@llerena.org<\/strong>. El plazo de inscripci\u00f3n finaliza el d\u00eda 21 de abril.<\/p>\n<!-- AddThis Advanced Settings generic via filter on the_content --><!-- AddThis Share Buttons generic via filter on the_content -->","protected":false},"excerpt":{"rendered":"<p>La Ruta Senderista del Rey Jay\u00f3n, que este a\u00f1o alcanza su d\u00e9cimo sexta edici\u00f3n, volver\u00e1 a recorrer el pr\u00f3ximo domingo tierras de Campi\u00f1a Sur a trav\u00e9s de los t\u00e9rminos municipales de Llerena, Casas de Reina, Fuente del Arco, Reina y Trasierra. En total son 24 kil\u00f3metros que se prev\u00e9 recorran unos 1.300 participantes a t\u00edtulo [&hellip;]<!-- AddThis Advanced Settings generic via filter on get_the_excerpt --><!-- AddThis Share Buttons generic via filter on get_the_excerpt --><\/p>\n","protected":false},"author":27,"featured_media":0,"comment_status":"open","ping_status":"closed","sticky":false,"template":"","format":"standard","meta":[],"categories":[3],"tags":[143,170,327,453,682,683,817,906,1035],"_links":{"self":[{"href":"https:\/\/blogs.hoy.es\/senderosextremadura\/wp-json\/wp\/v2\/posts\/3760"}],"collection":[{"href":"https:\/\/blogs.hoy.es\/senderosextremadura\/wp-json\/wp\/v2\/posts"}],"about":[{"href":"https:\/\/blogs.hoy.es\/senderosextremadura\/wp-json\/wp\/v2\/types\/post"}],"author":[{"embeddable":true,"href":"https:\/\/blogs.hoy.es\/senderosextremadura\/wp-json\/wp\/v2\/users\/27"}],"replies":[{"embeddable":true,"href":"https:\/\/blogs.hoy.es\/senderosextremadura\/wp-json\/wp\/v2\/comments?post=3760"}],"version-history":[{"count":0,"href":"https:\/\/blogs.hoy.es\/senderosextremadura\/wp-json\/wp\/v2\/posts\/3760\/revisions"}],"wp:attachment":[{"href":"https:\/\/blogs.hoy.es\/senderosextremadura\/wp-json\/wp\/v2\/media?parent=3760"}],"wp:term":[{"taxonomy":"category","embeddable":true,"href":"https:\/\/blogs.hoy.es\/senderosextremadura\/wp-json\/wp\/v2\/categories?post=3760"},{"taxonomy":"post_tag","embeddable":true,"href":"https:\/\/blogs.hoy.es\/senderosextremadura\/wp-json\/wp\/v2\/tags?post=3760"}],"curies":[{"name":"wp","href":"https:\/\/api.w.org\/{rel}","templated":true}]}}