{"id":3763,"date":"2016-04-20T16:28:45","date_gmt":"2016-04-20T16:28:45","guid":{"rendered":"http:\/\/blogs.hoy.es\/senderosextremadura\/?p=3763"},"modified":"2016-04-20T16:28:45","modified_gmt":"2016-04-20T16:28:45","slug":"i-ruta-a-la-carcava-24-de-abril","status":"publish","type":"post","link":"https:\/\/blogs.hoy.es\/senderosextremadura\/2016\/04\/20\/i-ruta-a-la-carcava-24-de-abril\/","title":{"rendered":"I Ruta a la C\u00e1rcava (24 de abril)"},"content":{"rendered":"<p>El pr\u00f3ximo d\u00eda 24 de abril se llevar\u00e1 a cabo la I Ruta a la C\u00e1rcava, en la localidad de Carcaboso, incluida en el Circuito Camina Extremadura 2016.\u00a0La ruta discurre a trav\u00e9s de los t\u00e9rminos municipales de Carcaboso y Valdeobispo; el recorrido muestra los distintos espacios naturales que tenemos en esta zona, como es la dehesa y su transformaci\u00f3n al regad\u00edo, pilares b\u00e1sicos de la econom\u00eda rural. Tambi\u00e9n recorre otras zonas de gran inter\u00e9s tur\u00edstico, sobre todo para los aficionados a este deporte, como son la &#8216;Ca\u00f1ada Real Soriana Occidental&#8217; y la &#8216;V\u00eda de la Plata&#8217;.<!--more--><\/p>\n<p>La ruta tiene como lugar de inicio y final la localidad de Carcaboso, la salida ser\u00e1 a las 9:00 h el domingo 24 de Abril desde el parque (situado junto a la carretera), el control de inscripciones ser\u00e1 a partir de las 8:15 h. El recorrido es circular de 24 km. Habr\u00e1 veh\u00edculos de apoyo en distintos puntos del recorrido, as\u00ed como ambulancia y dos puntos de avituallamiento, uno a mitad del recorrido y otro al final. En la p\u00e1gina de Internet estar\u00e1 disponible un archivo para poder descargarse el track de la ruta.<\/p>\n<p>Saldremos desde Carcaboso direcci\u00f3n Valdeobispo recorriendo el paraje denominado el Albarizo, para posteriormente enlazar con \u201clas callejas\u201d de Valdeobispo que nos har\u00e1n desembocar en la Ca\u00f1ada Real Soriano Occidental, para as\u00ed llegar a enlazar con la V\u00eda de la Plata que nos llevara de vuelta a Carcaboso, donde pondremos punto y final.<\/p>\n<p>En Carcaboso podr\u00e1n visitar alguno de sus lugares de inter\u00e9s como es el parque de los miliarios, o la iglesia que cuenta con columnas miliarias de la \u00e9poca de Trajano y Adriano.<\/p>\n<p>Las cuotas de inscripci\u00f3n son 4 euros (federados), 6 euros (no federados). Los menores de 14 a\u00f1os deben ir acompa\u00f1ados por un adulto.<\/p>\n<p>Podr\u00e1n encontrar toda la informaci\u00f3n en la p\u00e1gina www.carcaboso.es.<\/p>\n<p>Fuente: FEXME<\/p>\n<!-- AddThis Advanced Settings generic via filter on the_content --><!-- AddThis Share Buttons generic via filter on the_content -->","protected":false},"excerpt":{"rendered":"<p>El pr\u00f3ximo d\u00eda 24 de abril se llevar\u00e1 a cabo la I Ruta a la C\u00e1rcava, en la localidad de Carcaboso, incluida en el Circuito Camina Extremadura 2016.\u00a0La ruta discurre a trav\u00e9s de los t\u00e9rminos municipales de Carcaboso y Valdeobispo; el recorrido muestra los distintos espacios naturales que tenemos en esta zona, como es la [&hellip;]<!-- AddThis Advanced Settings generic via filter on get_the_excerpt --><!-- AddThis Share Buttons generic via filter on get_the_excerpt --><\/p>\n","protected":false},"author":27,"featured_media":0,"comment_status":"open","ping_status":"closed","sticky":false,"template":"","format":"standard","meta":[],"categories":[3],"tags":[160,821,836,906,1052],"_links":{"self":[{"href":"https:\/\/blogs.hoy.es\/senderosextremadura\/wp-json\/wp\/v2\/posts\/3763"}],"collection":[{"href":"https:\/\/blogs.hoy.es\/senderosextremadura\/wp-json\/wp\/v2\/posts"}],"about":[{"href":"https:\/\/blogs.hoy.es\/senderosextremadura\/wp-json\/wp\/v2\/types\/post"}],"author":[{"embeddable":true,"href":"https:\/\/blogs.hoy.es\/senderosextremadura\/wp-json\/wp\/v2\/users\/27"}],"replies":[{"embeddable":true,"href":"https:\/\/blogs.hoy.es\/senderosextremadura\/wp-json\/wp\/v2\/comments?post=3763"}],"version-history":[{"count":0,"href":"https:\/\/blogs.hoy.es\/senderosextremadura\/wp-json\/wp\/v2\/posts\/3763\/revisions"}],"wp:attachment":[{"href":"https:\/\/blogs.hoy.es\/senderosextremadura\/wp-json\/wp\/v2\/media?parent=3763"}],"wp:term":[{"taxonomy":"category","embeddable":true,"href":"https:\/\/blogs.hoy.es\/senderosextremadura\/wp-json\/wp\/v2\/categories?post=3763"},{"taxonomy":"post_tag","embeddable":true,"href":"https:\/\/blogs.hoy.es\/senderosextremadura\/wp-json\/wp\/v2\/tags?post=3763"}],"curies":[{"name":"wp","href":"https:\/\/api.w.org\/{rel}","templated":true}]}}