{"id":3765,"date":"2016-04-20T16:49:39","date_gmt":"2016-04-20T16:49:39","guid":{"rendered":"http:\/\/blogs.hoy.es\/senderosextremadura\/?p=3765"},"modified":"2016-04-20T16:49:39","modified_gmt":"2016-04-20T16:49:39","slug":"ruta-solidaria-por-la-ribera-del-guadiana-23-de-abril","status":"publish","type":"post","link":"https:\/\/blogs.hoy.es\/senderosextremadura\/2016\/04\/20\/ruta-solidaria-por-la-ribera-del-guadiana-23-de-abril\/","title":{"rendered":"Ruta solidaria por la orilla del Guadiana (23 de abril)"},"content":{"rendered":"<p>La parroquia Nuestra Se\u00f1ora de Guadalupe de Badajoz ha programado para el s\u00e1bado d\u00eda 23 de abril su cuarta marcha solidaria. Los caminantes saldr\u00e1n a las diez de la ma\u00f1ana de la parroquia Nuestra Se\u00f1ora de Guadalupe (Valdepasillas) y realizar\u00e1n una marcha de unos 12 km.<!--more--><br \/>\nEste a\u00f1o, adem\u00e1s de disfrutar en familia del hermoso paisaje que nos ofrece la ribera pacense del Guadiana, el centro de escucha quiere que sea tambi\u00e9n un d\u00eda de convivencia. Por eso despu\u00e9s de la caminata habr\u00e1 una convivencia en la citada parroquia con un aperitivo a base de diferentes embutidos, gazpacho y refrescos. La organizaci\u00f3n invita a los participantes a aportar algunas tortillas para completar el men\u00fa.<\/p>\n<p><a href=\"https:\/\/blogs.hoy.es\/senderosextremadura\/\"><img loading=\"lazy\" class=\"aligncenter size-large wp-image-3766\" title=\"\" src=\"\/senderosextremadura\/wp-content\/uploads\/sites\/22\/2016\/04\/convivencia.jpg\" alt=\"\" width=\"600\" height=\"480\" srcset=\"https:\/\/static-blogs.hoy.es\/wp-content\/uploads\/sites\/22\/2016\/04\/convivencia.jpg 1280w, https:\/\/static-blogs.hoy.es\/wp-content\/uploads\/sites\/22\/2016\/04\/convivencia-300x240.jpg 300w, https:\/\/static-blogs.hoy.es\/wp-content\/uploads\/sites\/22\/2016\/04\/convivencia-768x614.jpg 768w, https:\/\/static-blogs.hoy.es\/wp-content\/uploads\/sites\/22\/2016\/04\/convivencia-600x480.jpg 600w\" sizes=\"(max-width: 600px) 100vw, 600px\" \/><\/a><\/p>\n<!-- AddThis Advanced Settings generic via filter on the_content --><!-- AddThis Share Buttons generic via filter on the_content -->","protected":false},"excerpt":{"rendered":"<p>La parroquia Nuestra Se\u00f1ora de Guadalupe de Badajoz ha programado para el s\u00e1bado d\u00eda 23 de abril su cuarta marcha solidaria. Los caminantes saldr\u00e1n a las diez de la ma\u00f1ana de la parroquia Nuestra Se\u00f1ora de Guadalupe (Valdepasillas) y realizar\u00e1n una marcha de unos 12 km.<!-- AddThis Advanced Settings generic via filter on get_the_excerpt --><!-- AddThis Share Buttons generic via filter on get_the_excerpt --><\/p>\n","protected":false},"author":27,"featured_media":0,"comment_status":"open","ping_status":"closed","sticky":false,"template":"","format":"standard","meta":[],"categories":[3],"tags":[86,817,906],"_links":{"self":[{"href":"https:\/\/blogs.hoy.es\/senderosextremadura\/wp-json\/wp\/v2\/posts\/3765"}],"collection":[{"href":"https:\/\/blogs.hoy.es\/senderosextremadura\/wp-json\/wp\/v2\/posts"}],"about":[{"href":"https:\/\/blogs.hoy.es\/senderosextremadura\/wp-json\/wp\/v2\/types\/post"}],"author":[{"embeddable":true,"href":"https:\/\/blogs.hoy.es\/senderosextremadura\/wp-json\/wp\/v2\/users\/27"}],"replies":[{"embeddable":true,"href":"https:\/\/blogs.hoy.es\/senderosextremadura\/wp-json\/wp\/v2\/comments?post=3765"}],"version-history":[{"count":0,"href":"https:\/\/blogs.hoy.es\/senderosextremadura\/wp-json\/wp\/v2\/posts\/3765\/revisions"}],"wp:attachment":[{"href":"https:\/\/blogs.hoy.es\/senderosextremadura\/wp-json\/wp\/v2\/media?parent=3765"}],"wp:term":[{"taxonomy":"category","embeddable":true,"href":"https:\/\/blogs.hoy.es\/senderosextremadura\/wp-json\/wp\/v2\/categories?post=3765"},{"taxonomy":"post_tag","embeddable":true,"href":"https:\/\/blogs.hoy.es\/senderosextremadura\/wp-json\/wp\/v2\/tags?post=3765"}],"curies":[{"name":"wp","href":"https:\/\/api.w.org\/{rel}","templated":true}]}}