{"id":3769,"date":"2016-04-23T10:56:25","date_gmt":"2016-04-23T10:56:25","guid":{"rendered":"http:\/\/blogs.hoy.es\/senderosextremadura\/?p=3769"},"modified":"2016-04-23T10:56:25","modified_gmt":"2016-04-23T10:56:25","slug":"manana-ultima-etapa-a-guadalupe-de-el-bordon","status":"publish","type":"post","link":"https:\/\/blogs.hoy.es\/senderosextremadura\/2016\/04\/23\/manana-ultima-etapa-a-guadalupe-de-el-bordon\/","title":{"rendered":"Ma\u00f1ana, \u00faltima etapa a Guadalupe de El Bord\u00f3n"},"content":{"rendered":"<p>La asociaci\u00f3n senderista El Bord\u00f3n de Plasencia llevar\u00e1 a cabo ma\u00f1ana la s\u00e9ptima y \u00faltima etapa de la marcha a Guadalupe por tramos que ha venido realizando los domingos de los \u00faltimos meses. <!--more-->El autob\u00fas saldr\u00e1 a las 6.30 horas del parque de Los Pinos, y la marcha a pie comenzar\u00e1 en la localidad de Navezuelas. Los senderistas recorrer\u00e1n los 17 kil\u00f3metros hasta Guadalupe de la ruta que se conoce como la de &#8216;Alfonso onceno&#8217;.<\/p>\n<!-- AddThis Advanced Settings generic via filter on the_content --><!-- AddThis Share Buttons generic via filter on the_content -->","protected":false},"excerpt":{"rendered":"<p>La asociaci\u00f3n senderista El Bord\u00f3n de Plasencia llevar\u00e1 a cabo ma\u00f1ana la s\u00e9ptima y \u00faltima etapa de la marcha a Guadalupe por tramos que ha venido realizando los domingos de los \u00faltimos meses.<!-- AddThis Advanced Settings generic via filter on get_the_excerpt --><!-- AddThis Share Buttons generic via filter on get_the_excerpt --><\/p>\n","protected":false},"author":27,"featured_media":0,"comment_status":"open","ping_status":"closed","sticky":false,"template":"","format":"standard","meta":[],"categories":[3],"tags":[272,364,639,836,906,1099],"_links":{"self":[{"href":"https:\/\/blogs.hoy.es\/senderosextremadura\/wp-json\/wp\/v2\/posts\/3769"}],"collection":[{"href":"https:\/\/blogs.hoy.es\/senderosextremadura\/wp-json\/wp\/v2\/posts"}],"about":[{"href":"https:\/\/blogs.hoy.es\/senderosextremadura\/wp-json\/wp\/v2\/types\/post"}],"author":[{"embeddable":true,"href":"https:\/\/blogs.hoy.es\/senderosextremadura\/wp-json\/wp\/v2\/users\/27"}],"replies":[{"embeddable":true,"href":"https:\/\/blogs.hoy.es\/senderosextremadura\/wp-json\/wp\/v2\/comments?post=3769"}],"version-history":[{"count":0,"href":"https:\/\/blogs.hoy.es\/senderosextremadura\/wp-json\/wp\/v2\/posts\/3769\/revisions"}],"wp:attachment":[{"href":"https:\/\/blogs.hoy.es\/senderosextremadura\/wp-json\/wp\/v2\/media?parent=3769"}],"wp:term":[{"taxonomy":"category","embeddable":true,"href":"https:\/\/blogs.hoy.es\/senderosextremadura\/wp-json\/wp\/v2\/categories?post=3769"},{"taxonomy":"post_tag","embeddable":true,"href":"https:\/\/blogs.hoy.es\/senderosextremadura\/wp-json\/wp\/v2\/tags?post=3769"}],"curies":[{"name":"wp","href":"https:\/\/api.w.org\/{rel}","templated":true}]}}