{"id":377,"date":"2012-04-17T08:08:24","date_gmt":"2012-04-17T08:08:24","guid":{"rendered":"http:\/\/blogs.hoy.es\/senderosextremadura\/?p=377"},"modified":"2012-04-17T08:08:24","modified_gmt":"2012-04-17T08:08:24","slug":"ruta-de-los-carboneros-22-de-abril","status":"publish","type":"post","link":"https:\/\/blogs.hoy.es\/senderosextremadura\/2012\/04\/17\/ruta-de-los-carboneros-22-de-abril\/","title":{"rendered":"Ruta de los carboneros (22 de abril)"},"content":{"rendered":"<h2><a href=\"\/senderosextremadura\/wp-content\/uploads\/sites\/22\/2012\/04\/geografica.jpg\"><img loading=\"lazy\" class=\"alignleft size-full wp-image-378\" title=\"geografica\" src=\"\/senderosextremadura\/wp-content\/uploads\/sites\/22\/2012\/04\/geografica.jpg\" alt=\"\" width=\"468\" height=\"661\" srcset=\"https:\/\/static-blogs.hoy.es\/wp-content\/uploads\/sites\/22\/2012\/04\/geografica.jpg 600w, https:\/\/static-blogs.hoy.es\/wp-content\/uploads\/sites\/22\/2012\/04\/geografica-212x300.jpg 212w\" sizes=\"(max-width: 468px) 100vw, 468px\" \/><\/a><strong>Geogr\u00e1fica<\/strong> realiza una de las m\u00e1s bellas y espectaculares rutas de todas cuantas existen en Extremadura.<br \/>\nLa <strong>Ruta de los Carboneros<\/strong> te adentra en los rincones m\u00e1s insospechados del Valle del Jerte, con salida desde Cabezuela del Valle, hasta el Valle del Ambroz, con llegada a Herv\u00e1s, permiti\u00e9ndonos desde su cota m\u00e1xima de 1.490 metros divisar en el horizonte la siempre m\u00e1gica Sierra de Gredos, y los valles que le dan emoci\u00f3n a nuestro itinerario, Jerte y Ambroz.<\/h2>\n<h2>INSCRIPCIONES<\/h2>\n<h2>* Asociaci\u00f3n Geogr\u00e1fica. C\/ Nevero Doce, 15.<br \/>\n* El Caballo. Avda. de Col\u00f3n, 2.<br \/>\n* Autoservicios Jimenez. Avda. Sinforiano Madro\u00f1ero, 30.<br \/>\n* Sprinter. CC. Ronda Norte, s\/n.<\/h2>\n<h2>La salida tendr\u00e1 lugar este domingo a las 8:00 en la Plaza de la Libertad de Badajoz (TUBASA), donde un nuevo cuento de senderismo dar\u00e1 comienzo para regalarte millones de experiencias inexplicables.<\/h2>\n<p>&nbsp;<\/p>\n<pre><strong>Env\u00eda tu ruta a <a href=\"mailto:senderismoextremadurahoy@gmail.com\">senderismoextremadurahoy@gmail.com<\/a><\/strong><\/pre>\n<!-- AddThis Advanced Settings generic via filter on the_content --><!-- AddThis Share Buttons generic via filter on the_content -->","protected":false},"excerpt":{"rendered":"<p>Geogr\u00e1fica realiza una de las m\u00e1s bellas y espectaculares rutas de todas cuantas existen en Extremadura. La Ruta de los Carboneros te adentra en los rincones m\u00e1s insospechados del Valle del Jerte, con salida desde Cabezuela del Valle, hasta el Valle del Ambroz, con llegada a Herv\u00e1s, permiti\u00e9ndonos desde su cota m\u00e1xima de 1.490 metros [&hellip;]<!-- AddThis Advanced Settings generic via filter on get_the_excerpt --><!-- AddThis Share Buttons generic via filter on get_the_excerpt --><\/p>\n","protected":false},"author":27,"featured_media":0,"comment_status":"open","ping_status":"closed","sticky":false,"template":"","format":"standard","meta":[],"categories":[4],"tags":[],"_links":{"self":[{"href":"https:\/\/blogs.hoy.es\/senderosextremadura\/wp-json\/wp\/v2\/posts\/377"}],"collection":[{"href":"https:\/\/blogs.hoy.es\/senderosextremadura\/wp-json\/wp\/v2\/posts"}],"about":[{"href":"https:\/\/blogs.hoy.es\/senderosextremadura\/wp-json\/wp\/v2\/types\/post"}],"author":[{"embeddable":true,"href":"https:\/\/blogs.hoy.es\/senderosextremadura\/wp-json\/wp\/v2\/users\/27"}],"replies":[{"embeddable":true,"href":"https:\/\/blogs.hoy.es\/senderosextremadura\/wp-json\/wp\/v2\/comments?post=377"}],"version-history":[{"count":0,"href":"https:\/\/blogs.hoy.es\/senderosextremadura\/wp-json\/wp\/v2\/posts\/377\/revisions"}],"wp:attachment":[{"href":"https:\/\/blogs.hoy.es\/senderosextremadura\/wp-json\/wp\/v2\/media?parent=377"}],"wp:term":[{"taxonomy":"category","embeddable":true,"href":"https:\/\/blogs.hoy.es\/senderosextremadura\/wp-json\/wp\/v2\/categories?post=377"},{"taxonomy":"post_tag","embeddable":true,"href":"https:\/\/blogs.hoy.es\/senderosextremadura\/wp-json\/wp\/v2\/tags?post=377"}],"curies":[{"name":"wp","href":"https:\/\/api.w.org\/{rel}","templated":true}]}}