{"id":3776,"date":"2016-04-26T08:57:27","date_gmt":"2016-04-26T08:57:27","guid":{"rendered":"http:\/\/blogs.hoy.es\/senderosextremadura\/?p=3776"},"modified":"2016-04-26T08:57:27","modified_gmt":"2016-04-26T08:57:27","slug":"jerez-acoge-su-ruta-templaria-el-1-de-mayo","status":"publish","type":"post","link":"https:\/\/blogs.hoy.es\/senderosextremadura\/2016\/04\/26\/jerez-acoge-su-ruta-templaria-el-1-de-mayo\/","title":{"rendered":"Jerez acoge su Ruta Templaria el 1 de mayo"},"content":{"rendered":"<p><a href=\"https:\/\/blogs.hoy.es\/senderosextremadura\/\"><img loading=\"lazy\" class=\"aligncenter size-large wp-image-3777\" title=\"\" src=\"\/senderosextremadura\/wp-content\/uploads\/sites\/22\/2016\/04\/Cartel-Templaria-2016.jpg\" alt=\"\" width=\"600\" height=\"333\" \/><\/a><br \/>\nEl pr\u00f3ximo 1 de mayo se celebra en Jerez de los Caballeros la VIII edici\u00f3n de la Ruta Templaria. La actividad, organizada por el club senderista XEREZ en colaboraci\u00f3n con el Ayuntamiento y el patrocinio de diferentes casas comerciales de esta localidad, pertenece al Circuito Camina Extremadura 2016. Los caminantes iniciar\u00e1n la ruta circular a las nueve de la ma\u00f1ana desde el Parque de Santa Luc\u00eda. Se puede elegir entre el recorrido de 25 kil\u00f3metros o el de 19.<!--more--><\/p>\n<p>Tras atravesar la ciudad hacia el norte se toma el antiguo camino de Salvatierra, pasando por el Alto del Empedrado, se cruzan los Cotos para dirigirse hacia Chirrao, caminando por antiguas sendas, Malos Grillos y La Osenda, para llegar a la Chiota donde cambia de rumbo direcci\u00f3n Oeste. Poco m\u00e1s adelante encontrar\u00e1n el cruce del Camino del Casta\u00f1o; en esta intersecci\u00f3n se podr\u00e1 optar por seguir la ruta completa o tomar direcci\u00f3n a Valle de Santa Ana donde los participantes recibir\u00e1n un avituallamiento de agua y fruta.<\/p>\n<p>Siguiendo la ruta completa, hacia el Valle de Matamoros, los participantes comienzan a subir un tramo bastante empinado, quiz\u00e1s la parte m\u00e1s dif\u00edcil de la ruta. Por el llamado camino de San Gregorio \u00a0llegar\u00e1n al Valle de Santa Ana. Bordeando esta poblaci\u00f3n, se dirigir\u00e1n a la N-435, que cruzar\u00e1n en direcci\u00f3n a La Margarita donde encontraremos un segundo avituallamiento. Nuevamente girar\u00e1n, en esta ocasi\u00f3n para tomar rumbo Este, a trav\u00e9s de Los Chaparrales y El Pasil. De vuelta en Jerez, pasando junto al convento de Aguasantas, convertido en Centro de Educaci\u00f3n Especial. Seguir\u00e1n caminando hasta llegar a la Plaza de la Alcazaba, fin de ruta y punto de \u00faltimo avituallamiento que consistir\u00e1 en bocadillo de jam\u00f3n ib\u00e9rico y gazpacho extreme\u00f1o.<\/p>\n<!-- AddThis Advanced Settings generic via filter on the_content --><!-- AddThis Share Buttons generic via filter on the_content -->","protected":false},"excerpt":{"rendered":"<p>El pr\u00f3ximo 1 de mayo se celebra en Jerez de los Caballeros la VIII edici\u00f3n de la Ruta Templaria. La actividad, organizada por el club senderista XEREZ en colaboraci\u00f3n con el Ayuntamiento y el patrocinio de diferentes casas comerciales de esta localidad, pertenece al Circuito Camina Extremadura 2016. Los caminantes iniciar\u00e1n la ruta circular a [&hellip;]<!-- AddThis Advanced Settings generic via filter on get_the_excerpt --><!-- AddThis Share Buttons generic via filter on get_the_excerpt --><\/p>\n","protected":false},"author":27,"featured_media":0,"comment_status":"open","ping_status":"closed","sticky":false,"template":"","format":"standard","meta":[],"categories":[3],"tags":[418,786,799,941,1035],"_links":{"self":[{"href":"https:\/\/blogs.hoy.es\/senderosextremadura\/wp-json\/wp\/v2\/posts\/3776"}],"collection":[{"href":"https:\/\/blogs.hoy.es\/senderosextremadura\/wp-json\/wp\/v2\/posts"}],"about":[{"href":"https:\/\/blogs.hoy.es\/senderosextremadura\/wp-json\/wp\/v2\/types\/post"}],"author":[{"embeddable":true,"href":"https:\/\/blogs.hoy.es\/senderosextremadura\/wp-json\/wp\/v2\/users\/27"}],"replies":[{"embeddable":true,"href":"https:\/\/blogs.hoy.es\/senderosextremadura\/wp-json\/wp\/v2\/comments?post=3776"}],"version-history":[{"count":0,"href":"https:\/\/blogs.hoy.es\/senderosextremadura\/wp-json\/wp\/v2\/posts\/3776\/revisions"}],"wp:attachment":[{"href":"https:\/\/blogs.hoy.es\/senderosextremadura\/wp-json\/wp\/v2\/media?parent=3776"}],"wp:term":[{"taxonomy":"category","embeddable":true,"href":"https:\/\/blogs.hoy.es\/senderosextremadura\/wp-json\/wp\/v2\/categories?post=3776"},{"taxonomy":"post_tag","embeddable":true,"href":"https:\/\/blogs.hoy.es\/senderosextremadura\/wp-json\/wp\/v2\/tags?post=3776"}],"curies":[{"name":"wp","href":"https:\/\/api.w.org\/{rel}","templated":true}]}}