{"id":3788,"date":"2016-04-27T09:50:10","date_gmt":"2016-04-27T09:50:10","guid":{"rendered":"http:\/\/blogs.hoy.es\/senderosextremadura\/?p=3788"},"modified":"2016-04-27T09:50:10","modified_gmt":"2016-04-27T09:50:10","slug":"13-kilometros-por-los-encantos-de-portezuelo-8-de-mayo","status":"publish","type":"post","link":"https:\/\/blogs.hoy.es\/senderosextremadura\/2016\/04\/27\/13-kilometros-por-los-encantos-de-portezuelo-8-de-mayo\/","title":{"rendered":"13 kil\u00f3metros por los encantos de Portezuelo (8 de mayo)"},"content":{"rendered":"<p><a href=\"https:\/\/blogs.hoy.es\/senderosextremadura\/\"><img loading=\"lazy\" class=\"aligncenter size-large wp-image-3791\" title=\"\" src=\"\/senderosextremadura\/wp-content\/uploads\/sites\/22\/2016\/04\/portezuelo.jpg\" alt=\"\" width=\"600\" height=\"292\" srcset=\"https:\/\/static-blogs.hoy.es\/wp-content\/uploads\/sites\/22\/2016\/04\/portezuelo.jpg 1280w, https:\/\/static-blogs.hoy.es\/wp-content\/uploads\/sites\/22\/2016\/04\/portezuelo-300x146.jpg 300w, https:\/\/static-blogs.hoy.es\/wp-content\/uploads\/sites\/22\/2016\/04\/portezuelo-768x374.jpg 768w, https:\/\/static-blogs.hoy.es\/wp-content\/uploads\/sites\/22\/2016\/04\/portezuelo-600x293.jpg 600w\" sizes=\"(max-width: 600px) 100vw, 600px\" \/><\/a><\/p>\n<p>El pr\u00f3ximo 8 de mayo tendr\u00e1 lugar la tercera ruta senderista que forma parte del Circuito de Rutas Senderistas de la Mancomunidad Rivera Fresnedosa, tras las celebradas en Casillas de Coria y Cachorrilla.<!--more--><\/p>\n<p>La marcha Santa Marina tendr\u00e1 un recorrido de 13 kil\u00f3metros y saldr\u00e1 de la Plaza Mayor de Portezuelo a las \u00a09 horas. La caminata mostrar\u00e1 los encantos naturales que rodean la villa: los Horcones, la Dehesa de Arco, Rehana y el Castillo de Portezuelo. Al finalizar la ruta los participantes disfrutar\u00e1n de un pincho de confraternizaci\u00f3n.<\/p>\n<p>El coste de la ruta es de cinco euros que incluyen el seguro, asistencia en ruta, avituallamiento \u00a0y el pincho final.<\/p>\n<p>Las inscripciones se pueden realizar en el Ayuntamiento de Portezuelo y v\u00eda online en el blog de deportes de la mancomunidad (<a href=\"http:\/\/dxtfresnedosa.blogspot.com.es\/\" target=\"_blank\" rel=\"external nofollow\">http:\/\/dxtfresnedosa.blogspot.com.es\/<\/a>) hasta el mi\u00e9rcoles 4 de mayo.<\/p>\n<p style=\"text-align: center;\"><a href=\"https:\/\/blogs.hoy.es\/senderosextremadura\/\"><img loading=\"lazy\" class=\"aligncenter  wp-image-3789\" src=\"\/senderosextremadura\/wp-content\/uploads\/sites\/22\/2016\/04\/Ruta-Portezuelo-16.jpg\" alt=\"\" width=\"380\" height=\"548\" srcset=\"https:\/\/static-blogs.hoy.es\/wp-content\/uploads\/sites\/22\/2016\/04\/Ruta-Portezuelo-16.jpg 543w, https:\/\/static-blogs.hoy.es\/wp-content\/uploads\/sites\/22\/2016\/04\/Ruta-Portezuelo-16-208x300.jpg 208w\" sizes=\"(max-width: 380px) 100vw, 380px\" \/><\/a><\/p>\n<!-- AddThis Advanced Settings generic via filter on the_content --><!-- AddThis Share Buttons generic via filter on the_content -->","protected":false},"excerpt":{"rendered":"<p>El pr\u00f3ximo 8 de mayo tendr\u00e1 lugar la tercera ruta senderista que forma parte del Circuito de Rutas Senderistas de la Mancomunidad Rivera Fresnedosa, tras las celebradas en Casillas de Coria y Cachorrilla.<!-- AddThis Advanced Settings generic via filter on get_the_excerpt --><!-- AddThis Share Buttons generic via filter on get_the_excerpt --><\/p>\n","protected":false},"author":27,"featured_media":0,"comment_status":"open","ping_status":"closed","sticky":false,"template":"","format":"standard","meta":[],"categories":[3],"tags":[821,906,1035],"_links":{"self":[{"href":"https:\/\/blogs.hoy.es\/senderosextremadura\/wp-json\/wp\/v2\/posts\/3788"}],"collection":[{"href":"https:\/\/blogs.hoy.es\/senderosextremadura\/wp-json\/wp\/v2\/posts"}],"about":[{"href":"https:\/\/blogs.hoy.es\/senderosextremadura\/wp-json\/wp\/v2\/types\/post"}],"author":[{"embeddable":true,"href":"https:\/\/blogs.hoy.es\/senderosextremadura\/wp-json\/wp\/v2\/users\/27"}],"replies":[{"embeddable":true,"href":"https:\/\/blogs.hoy.es\/senderosextremadura\/wp-json\/wp\/v2\/comments?post=3788"}],"version-history":[{"count":0,"href":"https:\/\/blogs.hoy.es\/senderosextremadura\/wp-json\/wp\/v2\/posts\/3788\/revisions"}],"wp:attachment":[{"href":"https:\/\/blogs.hoy.es\/senderosextremadura\/wp-json\/wp\/v2\/media?parent=3788"}],"wp:term":[{"taxonomy":"category","embeddable":true,"href":"https:\/\/blogs.hoy.es\/senderosextremadura\/wp-json\/wp\/v2\/categories?post=3788"},{"taxonomy":"post_tag","embeddable":true,"href":"https:\/\/blogs.hoy.es\/senderosextremadura\/wp-json\/wp\/v2\/tags?post=3788"}],"curies":[{"name":"wp","href":"https:\/\/api.w.org\/{rel}","templated":true}]}}