{"id":3792,"date":"2016-04-28T11:47:14","date_gmt":"2016-04-28T11:47:14","guid":{"rendered":"http:\/\/blogs.hoy.es\/senderosextremadura\/?p=3792"},"modified":"2016-04-28T11:47:14","modified_gmt":"2016-04-28T11:47:14","slug":"ruta-a-favor-de-aoex-en-oliva-de-merida-1-de-mayo","status":"publish","type":"post","link":"https:\/\/blogs.hoy.es\/senderosextremadura\/2016\/04\/28\/ruta-a-favor-de-aoex-en-oliva-de-merida-1-de-mayo\/","title":{"rendered":"Ruta a favor de AOEX en Oliva de M\u00e9rida (1 de mayo)"},"content":{"rendered":"<p>El pr\u00f3ximo domingo 1 de mayo tendr\u00e1 lugar la II Ruta &#8216;El Buitre&#8217;, en la localidad de Oliva de M\u00e9rida. Esta marcha de 13 kil\u00f3metros se realiza a favor de la Asociaci\u00f3n Oncol\u00f3gica Extreme\u00f1a (AOEX). Las inscripciones tienen un precio de 8 euros y pueden realizarse en los bares Las Candelas, El Parque y \u00a0Los Naranjos.<\/p>\n<p>M\u00e1s informaci\u00f3n.: Tel\u00e9fonos 691 564560 \u2013 649358022 \u2013 679892295<\/p>\n<p style=\"text-align: center;\"><a href=\"https:\/\/blogs.hoy.es\/senderosextremadura\/\"><img loading=\"lazy\" class=\"aligncenter  wp-image-3793\" src=\"\/senderosextremadura\/wp-content\/uploads\/sites\/22\/2016\/04\/rutas-senderos.jpg\" alt=\"\" width=\"480\" height=\"640\" srcset=\"https:\/\/static-blogs.hoy.es\/wp-content\/uploads\/sites\/22\/2016\/04\/rutas-senderos.jpg 600w, https:\/\/static-blogs.hoy.es\/wp-content\/uploads\/sites\/22\/2016\/04\/rutas-senderos-225x300.jpg 225w\" sizes=\"(max-width: 480px) 100vw, 480px\" \/><\/a><\/p>\n<p>&nbsp;<\/p>\n<!-- AddThis Advanced Settings generic via filter on the_content --><!-- AddThis Share Buttons generic via filter on the_content -->","protected":false},"excerpt":{"rendered":"<p>El pr\u00f3ximo domingo 1 de mayo tendr\u00e1 lugar la II Ruta &#8216;El Buitre&#8217;, en la localidad de Oliva de M\u00e9rida. Esta marcha de 13 kil\u00f3metros se realiza a favor de la Asociaci\u00f3n Oncol\u00f3gica Extreme\u00f1a (AOEX). Las inscripciones tienen un precio de 8 euros y pueden realizarse en los bares Las Candelas, El Parque y \u00a0Los [&hellip;]<!-- AddThis Advanced Settings generic via filter on get_the_excerpt --><!-- AddThis Share Buttons generic via filter on get_the_excerpt --><\/p>\n","protected":false},"author":27,"featured_media":0,"comment_status":"open","ping_status":"closed","sticky":false,"template":"","format":"standard","meta":[],"categories":[3],"tags":[585,792,817,836,906,944,1035],"_links":{"self":[{"href":"https:\/\/blogs.hoy.es\/senderosextremadura\/wp-json\/wp\/v2\/posts\/3792"}],"collection":[{"href":"https:\/\/blogs.hoy.es\/senderosextremadura\/wp-json\/wp\/v2\/posts"}],"about":[{"href":"https:\/\/blogs.hoy.es\/senderosextremadura\/wp-json\/wp\/v2\/types\/post"}],"author":[{"embeddable":true,"href":"https:\/\/blogs.hoy.es\/senderosextremadura\/wp-json\/wp\/v2\/users\/27"}],"replies":[{"embeddable":true,"href":"https:\/\/blogs.hoy.es\/senderosextremadura\/wp-json\/wp\/v2\/comments?post=3792"}],"version-history":[{"count":0,"href":"https:\/\/blogs.hoy.es\/senderosextremadura\/wp-json\/wp\/v2\/posts\/3792\/revisions"}],"wp:attachment":[{"href":"https:\/\/blogs.hoy.es\/senderosextremadura\/wp-json\/wp\/v2\/media?parent=3792"}],"wp:term":[{"taxonomy":"category","embeddable":true,"href":"https:\/\/blogs.hoy.es\/senderosextremadura\/wp-json\/wp\/v2\/categories?post=3792"},{"taxonomy":"post_tag","embeddable":true,"href":"https:\/\/blogs.hoy.es\/senderosextremadura\/wp-json\/wp\/v2\/tags?post=3792"}],"curies":[{"name":"wp","href":"https:\/\/api.w.org\/{rel}","templated":true}]}}