{"id":3795,"date":"2016-05-06T10:57:24","date_gmt":"2016-05-06T10:57:24","guid":{"rendered":"http:\/\/blogs.hoy.es\/senderosextremadura\/?p=3795"},"modified":"2016-05-06T10:57:24","modified_gmt":"2016-05-06T10:57:24","slug":"peregrinacion-a-guadalupe-en-24-horas","status":"publish","type":"post","link":"https:\/\/blogs.hoy.es\/senderosextremadura\/2016\/05\/06\/peregrinacion-a-guadalupe-en-24-horas\/","title":{"rendered":"Peregrinaci\u00f3n a Guadalupe en 24 horas"},"content":{"rendered":"<p><a href=\"https:\/\/blogs.hoy.es\/senderosextremadura\/\"><img loading=\"lazy\" class=\"aligncenter size-full wp-image-3796\" title=\"\" src=\"\/senderosextremadura\/wp-content\/uploads\/sites\/22\/2016\/05\/campo.jpg\" alt=\"\" width=\"575\" height=\"382\" srcset=\"https:\/\/static-blogs.hoy.es\/wp-content\/uploads\/sites\/22\/2016\/05\/campo.jpg 575w, https:\/\/static-blogs.hoy.es\/wp-content\/uploads\/sites\/22\/2016\/05\/campo-300x199.jpg 300w\" sizes=\"(max-width: 575px) 100vw, 575px\" \/><\/a><\/p>\n<p>Ir andando a Guadalupe es una costumbre muy extendida por toda Extremadura, especialmente en las comarcas m\u00e1s cercanas a la Puebla, como el Campo Ara\u00f1uelo, la Jara o los Ibores, donde grupos senderistas, parroquiales o de amigos promueven rutas con cierta frecuencia. Lo que no es tan habitual es que se plantee hacer la peregrinaci\u00f3n en menos de 24 horas, aunque que s\u00ed lo han hecho tiempo atr\u00e1s el Centro Excursionista del Campo Ara\u00f1uelo o senderistas a t\u00edtulo particular.<!--more--><\/p>\n<p>Ese reto lo han lanzado ahora los dinamizadores deportivos de la Mancomunidad Integral Campo Ara\u00f1uelo con la I Ruta Senderista Campo Ara\u00f1uelo&#038;Guadalupe 24 Hs. dentro del A\u00f1o Santo Guadalupense. Ser\u00e1 entre el viernes 10 y el s\u00e1bado 11 de junio, para un m\u00e1ximo de 50 participantes.<\/p>\n<p>La ruta arrancar\u00e1 a las nueve de la noche del viernes 10 en la plaza de Valdeca\u00f1as de Tajo. A partir de ah\u00ed los organizadores han dividido el trayecto en siete tramos, con sus correspondientes descansos, para hacer m\u00e1s llevadera la acumulaci\u00f3n de kil\u00f3metros. El primero ser\u00e1 de Valdeca\u00f1as a Fresnedoso de Ibor, de 14,8 kil\u00f3metros. Despu\u00e9s ir\u00e1n de Fresnedoso a la carrera de Casta\u00f1ar de Ibor y Robledollano, terminando con un descanso en la nave municipal de esa \u00faltima poblaci\u00f3n para reanudar la marcha en torno a las siete de la ma\u00f1ana.<\/p>\n<p>De all\u00ed ir\u00e1n al segundo puente del r\u00edo Viejas, al alto de los soldados (donde habr\u00e1 comida y breve siesta), a la carretera de la base militar, a la ermita del Humilladero y finalmente a la plaza Guadalupe tras completar 54,8 kil\u00f3metros. En la Puebla har\u00e1n una breve visita al Monasterio, antes de emprender el regreso en autob\u00fas en torno a las nueve y media de la noche.<\/p>\n<p>Los \u00fanicos requisitos que se piden a los interesados en tomar parte es tener m\u00e1s de 18 a\u00f1os y estar familiarizados con el senderismo, especialmente con rutas largas. Deber\u00e1n llevar saco de dormir y esterilla para los descansos de mayor duraci\u00f3n, una mochila peque\u00f1a y comida para todo el recorrido.<\/p>\n<p>Plazas limitadas<\/p>\n<p>La inscripci\u00f3n puede hacerse de manera presencial a trav\u00e9s de los dinamizadores deportivos o en la p\u00e1gina web www.campoaranuelo.org. El precio es de 10 euros. Tambi\u00e9n informan en el tel\u00e9fono 609 857 289 o en dinamizadorescampoaranuelo@gmail.com.<\/p>\n<p>Fuente: Miguel \u00c1ngel Marcos <a href=\"http:\/\/navalmoral.hoy.es\/\" rel=\"external nofollow\">HOY Navalmoral\u00a0<\/a><\/p>\n<!-- AddThis Advanced Settings generic via filter on the_content --><!-- AddThis Share Buttons generic via filter on the_content -->","protected":false},"excerpt":{"rendered":"<p>Ir andando a Guadalupe es una costumbre muy extendida por toda Extremadura, especialmente en las comarcas m\u00e1s cercanas a la Puebla, como el Campo Ara\u00f1uelo, la Jara o los Ibores, donde grupos senderistas, parroquiales o de amigos promueven rutas con cierta frecuencia. Lo que no es tan habitual es que se plantee hacer la peregrinaci\u00f3n [&hellip;]<!-- AddThis Advanced Settings generic via filter on get_the_excerpt --><!-- AddThis Share Buttons generic via filter on get_the_excerpt --><\/p>\n","protected":false},"author":27,"featured_media":0,"comment_status":"open","ping_status":"closed","sticky":false,"template":"","format":"standard","meta":[],"categories":[3],"tags":[145,364,821,1099],"_links":{"self":[{"href":"https:\/\/blogs.hoy.es\/senderosextremadura\/wp-json\/wp\/v2\/posts\/3795"}],"collection":[{"href":"https:\/\/blogs.hoy.es\/senderosextremadura\/wp-json\/wp\/v2\/posts"}],"about":[{"href":"https:\/\/blogs.hoy.es\/senderosextremadura\/wp-json\/wp\/v2\/types\/post"}],"author":[{"embeddable":true,"href":"https:\/\/blogs.hoy.es\/senderosextremadura\/wp-json\/wp\/v2\/users\/27"}],"replies":[{"embeddable":true,"href":"https:\/\/blogs.hoy.es\/senderosextremadura\/wp-json\/wp\/v2\/comments?post=3795"}],"version-history":[{"count":0,"href":"https:\/\/blogs.hoy.es\/senderosextremadura\/wp-json\/wp\/v2\/posts\/3795\/revisions"}],"wp:attachment":[{"href":"https:\/\/blogs.hoy.es\/senderosextremadura\/wp-json\/wp\/v2\/media?parent=3795"}],"wp:term":[{"taxonomy":"category","embeddable":true,"href":"https:\/\/blogs.hoy.es\/senderosextremadura\/wp-json\/wp\/v2\/categories?post=3795"},{"taxonomy":"post_tag","embeddable":true,"href":"https:\/\/blogs.hoy.es\/senderosextremadura\/wp-json\/wp\/v2\/tags?post=3795"}],"curies":[{"name":"wp","href":"https:\/\/api.w.org\/{rel}","templated":true}]}}