{"id":380,"date":"2012-04-17T09:15:12","date_gmt":"2012-04-17T09:15:12","guid":{"rendered":"http:\/\/blogs.hoy.es\/senderosextremadura\/?p=380"},"modified":"2012-04-17T09:15:12","modified_gmt":"2012-04-17T09:15:12","slug":"galeria-de-fotos-de-la-ruta-de-las-potras","status":"publish","type":"post","link":"https:\/\/blogs.hoy.es\/senderosextremadura\/2012\/04\/17\/galeria-de-fotos-de-la-ruta-de-las-potras\/","title":{"rendered":"Galer\u00eda de fotos de la ruta de las Potras"},"content":{"rendered":"<h2><a href=\"http:\/\/www.hoy.es\/multimedia\/fotos\/ultimos\/97075-ruta-potras-montehermoso-0.html\" rel=\"external nofollow\"><img loading=\"lazy\" class=\"aligncenter size-full wp-image-381\" title=\"mascota-potras\" src=\"\/senderosextremadura\/wp-content\/uploads\/sites\/22\/2012\/04\/mascota-potras.jpg\" alt=\"\" width=\"632\" height=\"474\" srcset=\"https:\/\/static-blogs.hoy.es\/wp-content\/uploads\/sites\/22\/2012\/04\/mascota-potras.jpg 960w, https:\/\/static-blogs.hoy.es\/wp-content\/uploads\/sites\/22\/2012\/04\/mascota-potras-300x225.jpg 300w, https:\/\/static-blogs.hoy.es\/wp-content\/uploads\/sites\/22\/2012\/04\/mascota-potras-768x576.jpg 768w, https:\/\/static-blogs.hoy.es\/wp-content\/uploads\/sites\/22\/2012\/04\/mascota-potras-600x450.jpg 600w\" sizes=\"(max-width: 632px) 100vw, 632px\" \/><\/a><\/h2>\n<h2>La Asociaci\u00f3n Andares de Montehermoso llev\u00f3 a cabo una marcha por un enclave privilegiado que est\u00e1 situado en los m\u00e1rgenes del Bronco. En la siguiente <a href=\"http:\/\/www.hoy.es\/multimedia\/fotos\/ultimos\/97075-ruta-potras-montehermoso-0.html\" rel=\"external nofollow\"><strong>GALER\u00cdA DE FOTOS<\/strong><\/a> puedes ver\u00a0 <strong>las im\u00e1genes cedidas por Juan Jes\u00fas S\u00e1nchez Alc\u00f3n<\/strong><\/h2>\n<!-- AddThis Advanced Settings generic via filter on the_content --><!-- AddThis Share Buttons generic via filter on the_content -->","protected":false},"excerpt":{"rendered":"<p>La Asociaci\u00f3n Andares de Montehermoso llev\u00f3 a cabo una marcha por un enclave privilegiado que est\u00e1 situado en los m\u00e1rgenes del Bronco. En la siguiente GALER\u00cdA DE FOTOS puedes ver\u00a0 las im\u00e1genes cedidas por Juan Jes\u00fas S\u00e1nchez Alc\u00f3n<!-- AddThis Advanced Settings generic via filter on get_the_excerpt --><!-- AddThis Share Buttons generic via filter on get_the_excerpt --><\/p>\n","protected":false},"author":27,"featured_media":0,"comment_status":"open","ping_status":"closed","sticky":false,"template":"","format":"standard","meta":[],"categories":[3],"tags":[],"_links":{"self":[{"href":"https:\/\/blogs.hoy.es\/senderosextremadura\/wp-json\/wp\/v2\/posts\/380"}],"collection":[{"href":"https:\/\/blogs.hoy.es\/senderosextremadura\/wp-json\/wp\/v2\/posts"}],"about":[{"href":"https:\/\/blogs.hoy.es\/senderosextremadura\/wp-json\/wp\/v2\/types\/post"}],"author":[{"embeddable":true,"href":"https:\/\/blogs.hoy.es\/senderosextremadura\/wp-json\/wp\/v2\/users\/27"}],"replies":[{"embeddable":true,"href":"https:\/\/blogs.hoy.es\/senderosextremadura\/wp-json\/wp\/v2\/comments?post=380"}],"version-history":[{"count":0,"href":"https:\/\/blogs.hoy.es\/senderosextremadura\/wp-json\/wp\/v2\/posts\/380\/revisions"}],"wp:attachment":[{"href":"https:\/\/blogs.hoy.es\/senderosextremadura\/wp-json\/wp\/v2\/media?parent=380"}],"wp:term":[{"taxonomy":"category","embeddable":true,"href":"https:\/\/blogs.hoy.es\/senderosextremadura\/wp-json\/wp\/v2\/categories?post=380"},{"taxonomy":"post_tag","embeddable":true,"href":"https:\/\/blogs.hoy.es\/senderosextremadura\/wp-json\/wp\/v2\/tags?post=380"}],"curies":[{"name":"wp","href":"https:\/\/api.w.org\/{rel}","templated":true}]}}