{"id":3827,"date":"2016-05-23T10:09:26","date_gmt":"2016-05-23T10:09:26","guid":{"rendered":"http:\/\/blogs.hoy.es\/senderosextremadura\/?p=3827"},"modified":"2016-05-23T10:09:26","modified_gmt":"2016-05-23T10:09:26","slug":"ruta-de-montana-por-la-laguna-de-los-caballeros-5-de-junio","status":"publish","type":"post","link":"https:\/\/blogs.hoy.es\/senderosextremadura\/2016\/05\/23\/ruta-de-montana-por-la-laguna-de-los-caballeros-5-de-junio\/","title":{"rendered":"Ruta de monta\u00f1a por la Laguna de los Caballeros (5 de junio)"},"content":{"rendered":"<p><a href=\"https:\/\/blogs.hoy.es\/senderosextremadura\/\"><img loading=\"lazy\" class=\"aligncenter size-large wp-image-3829\" title=\"\" src=\"\/senderosextremadura\/wp-content\/uploads\/sites\/22\/2016\/05\/blogs.jpg\" alt=\"\" width=\"600\" height=\"375\" srcset=\"https:\/\/static-blogs.hoy.es\/wp-content\/uploads\/sites\/22\/2016\/05\/blogs.jpg 800w, https:\/\/static-blogs.hoy.es\/wp-content\/uploads\/sites\/22\/2016\/05\/blogs-300x188.jpg 300w, https:\/\/static-blogs.hoy.es\/wp-content\/uploads\/sites\/22\/2016\/05\/blogs-768x480.jpg 768w, https:\/\/static-blogs.hoy.es\/wp-content\/uploads\/sites\/22\/2016\/05\/blogs-600x375.jpg 600w\" sizes=\"(max-width: 600px) 100vw, 600px\" \/><\/a><\/p>\n<p>La Asociaci\u00f3n Deportiva de Monta\u00f1a Xalima de Moraleja ha programado una ruta para el pr\u00f3ximo 5 de junio por la Laguna de los Caballeros. Se trata de una marcha circular de 25 kil\u00f3metros y dificultad media-alta \u00a0por Navalguijo, una pedan\u00eda de Navalonguilla, en la comarca del Alto Tormes (\u00c1vila). <!--more-->Se trata de una zona que hace frontera con la provincia de C\u00e1ceres, un peque\u00f1o enclave de apenas 50 habitantes rodeado de bosques y agua. Los participantes en la <a href=\"http:\/\/es.wikiloc.com\/wikiloc\/view.do?id=4734747\" target=\"_blank\" rel=\"external nofollow\">marcha<\/a> saldr\u00e1n en autob\u00fas a las siete de la ma\u00f1ana, desde la avenida de Extremadura de Moraleja. La fecha l\u00edmite de inscripci\u00f3n, que puede realizarse en el tel\u00e9fono 927515380, \u00a0es el 3 de junio.<\/p>\n<!-- AddThis Advanced Settings generic via filter on the_content --><!-- AddThis Share Buttons generic via filter on the_content -->","protected":false},"excerpt":{"rendered":"<p>La Asociaci\u00f3n Deportiva de Monta\u00f1a Xalima de Moraleja ha programado una ruta para el pr\u00f3ximo 5 de junio por la Laguna de los Caballeros. Se trata de una marcha circular de 25 kil\u00f3metros y dificultad media-alta \u00a0por Navalguijo, una pedan\u00eda de Navalonguilla, en la comarca del Alto Tormes (\u00c1vila).<!-- AddThis Advanced Settings generic via filter on get_the_excerpt --><!-- AddThis Share Buttons generic via filter on get_the_excerpt --><\/p>\n","protected":false},"author":27,"featured_media":0,"comment_status":"open","ping_status":"closed","sticky":false,"template":"","format":"standard","meta":[],"categories":[3],"tags":[441,556,816,906,1035],"_links":{"self":[{"href":"https:\/\/blogs.hoy.es\/senderosextremadura\/wp-json\/wp\/v2\/posts\/3827"}],"collection":[{"href":"https:\/\/blogs.hoy.es\/senderosextremadura\/wp-json\/wp\/v2\/posts"}],"about":[{"href":"https:\/\/blogs.hoy.es\/senderosextremadura\/wp-json\/wp\/v2\/types\/post"}],"author":[{"embeddable":true,"href":"https:\/\/blogs.hoy.es\/senderosextremadura\/wp-json\/wp\/v2\/users\/27"}],"replies":[{"embeddable":true,"href":"https:\/\/blogs.hoy.es\/senderosextremadura\/wp-json\/wp\/v2\/comments?post=3827"}],"version-history":[{"count":0,"href":"https:\/\/blogs.hoy.es\/senderosextremadura\/wp-json\/wp\/v2\/posts\/3827\/revisions"}],"wp:attachment":[{"href":"https:\/\/blogs.hoy.es\/senderosextremadura\/wp-json\/wp\/v2\/media?parent=3827"}],"wp:term":[{"taxonomy":"category","embeddable":true,"href":"https:\/\/blogs.hoy.es\/senderosextremadura\/wp-json\/wp\/v2\/categories?post=3827"},{"taxonomy":"post_tag","embeddable":true,"href":"https:\/\/blogs.hoy.es\/senderosextremadura\/wp-json\/wp\/v2\/tags?post=3827"}],"curies":[{"name":"wp","href":"https:\/\/api.w.org\/{rel}","templated":true}]}}