{"id":3839,"date":"2016-06-01T08:35:14","date_gmt":"2016-06-01T08:35:14","guid":{"rendered":"http:\/\/blogs.hoy.es\/senderosextremadura\/?p=3839"},"modified":"2016-06-01T08:35:14","modified_gmt":"2016-06-01T08:35:14","slug":"i-ruta-del-llano-a-la-sierra-12-de-junio","status":"publish","type":"post","link":"https:\/\/blogs.hoy.es\/senderosextremadura\/2016\/06\/01\/i-ruta-del-llano-a-la-sierra-12-de-junio\/","title":{"rendered":"I Ruta del Llano a la Sierra (12 de junio)"},"content":{"rendered":"<div id=\"attachment_3841\" style=\"width: 585px\" class=\"wp-caption aligncenter\"><a href=\"https:\/\/blogs.hoy.es\/senderosextremadura\/\"><img aria-describedby=\"caption-attachment-3841\" loading=\"lazy\" class=\"size-full wp-image-3841\" title=\"\" src=\"\/senderosextremadura\/wp-content\/uploads\/sites\/22\/2016\/06\/montanchez.jpg\" alt=\"\" width=\"575\" height=\"323\" \/><\/a><p id=\"caption-attachment-3841\" class=\"wp-caption-text\">Vistas a\u00e9reas del castillo de Mont\u00e1nchez:: HOY<\/p><\/div>\n<p>Los ayuntamientos de Torremocha, Albal\u00e1 y Mont\u00e1nchez han programado la <strong>I Ruta Senderista del Llano a la Sierra<\/strong>. La marcha tendr\u00e1 lugar el <strong>domingo 12 de junio<\/strong>. Se trata de una <strong>caminata de 23 kil\u00f3metros y dificultad media<\/strong>. Comenzar\u00e1 a las ocho y media de la ma\u00f1ana en la plaza mayor de Torremocha, donde se degustar\u00e1 un desayuno. En Albal\u00e1 habr\u00e1 avituallamiento y a la llegada a Mont\u00e1nchez se ofrecer\u00e1 un aperitivo. <!--more-->El precio de inscripci\u00f3n es de diez euros y puede realizarse en cualquiera de los tres ayuntamientos o en Mostazo Deportes (C\u00e1ceres). El precio incluye autob\u00fas de regreso a Torremocha, seguro, asistencia t\u00e9cnica y camiseta conmemorativa.<\/p>\n<!-- AddThis Advanced Settings generic via filter on the_content --><!-- AddThis Share Buttons generic via filter on the_content -->","protected":false},"excerpt":{"rendered":"<p>Los ayuntamientos de Torremocha, Albal\u00e1 y Mont\u00e1nchez han programado la I Ruta Senderista del Llano a la Sierra. La marcha tendr\u00e1 lugar el domingo 12 de junio. Se trata de una caminata de 23 kil\u00f3metros y dificultad media. Comenzar\u00e1 a las ocho y media de la ma\u00f1ana en la plaza mayor de Torremocha, donde se [&hellip;]<!-- AddThis Advanced Settings generic via filter on get_the_excerpt --><!-- AddThis Share Buttons generic via filter on get_the_excerpt --><\/p>\n","protected":false},"author":27,"featured_media":0,"comment_status":"open","ping_status":"closed","sticky":false,"template":"","format":"standard","meta":[],"categories":[3],"tags":[21,522,821,906,1023,1033],"_links":{"self":[{"href":"https:\/\/blogs.hoy.es\/senderosextremadura\/wp-json\/wp\/v2\/posts\/3839"}],"collection":[{"href":"https:\/\/blogs.hoy.es\/senderosextremadura\/wp-json\/wp\/v2\/posts"}],"about":[{"href":"https:\/\/blogs.hoy.es\/senderosextremadura\/wp-json\/wp\/v2\/types\/post"}],"author":[{"embeddable":true,"href":"https:\/\/blogs.hoy.es\/senderosextremadura\/wp-json\/wp\/v2\/users\/27"}],"replies":[{"embeddable":true,"href":"https:\/\/blogs.hoy.es\/senderosextremadura\/wp-json\/wp\/v2\/comments?post=3839"}],"version-history":[{"count":0,"href":"https:\/\/blogs.hoy.es\/senderosextremadura\/wp-json\/wp\/v2\/posts\/3839\/revisions"}],"wp:attachment":[{"href":"https:\/\/blogs.hoy.es\/senderosextremadura\/wp-json\/wp\/v2\/media?parent=3839"}],"wp:term":[{"taxonomy":"category","embeddable":true,"href":"https:\/\/blogs.hoy.es\/senderosextremadura\/wp-json\/wp\/v2\/categories?post=3839"},{"taxonomy":"post_tag","embeddable":true,"href":"https:\/\/blogs.hoy.es\/senderosextremadura\/wp-json\/wp\/v2\/tags?post=3839"}],"curies":[{"name":"wp","href":"https:\/\/api.w.org\/{rel}","templated":true}]}}