{"id":3842,"date":"2016-06-01T09:55:05","date_gmt":"2016-06-01T09:55:05","guid":{"rendered":"http:\/\/blogs.hoy.es\/senderosextremadura\/?p=3842"},"modified":"2016-06-01T09:55:05","modified_gmt":"2016-06-01T09:55:05","slug":"los-senderistas-de-vegas-bajas-realizaran-una-ruta-por-los-pilones","status":"publish","type":"post","link":"https:\/\/blogs.hoy.es\/senderosextremadura\/2016\/06\/01\/los-senderistas-de-vegas-bajas-realizaran-una-ruta-por-los-pilones\/","title":{"rendered":"Los senderistas de Vegas Bajas realizar\u00e1n una ruta por Los Pilones"},"content":{"rendered":"<p><a href=\"https:\/\/blogs.hoy.es\/senderosextremadura\/\"><img loading=\"lazy\" class=\"aligncenter size-full wp-image-3843\" title=\"\" src=\"\/senderosextremadura\/wp-content\/uploads\/sites\/22\/2016\/06\/pilones.jpg\" alt=\"\" width=\"575\" height=\"323\" srcset=\"https:\/\/static-blogs.hoy.es\/wp-content\/uploads\/sites\/22\/2016\/06\/pilones.jpg 575w, https:\/\/static-blogs.hoy.es\/wp-content\/uploads\/sites\/22\/2016\/06\/pilones-300x169.jpg 300w\" sizes=\"(max-width: 575px) 100vw, 575px\" \/><\/a><\/p>\n<p>El <strong><a href=\"www.gruposenderistavb.es\" target=\"_blank\">Grupo Senderista Vegas Bajas<\/a><\/strong> realizar\u00e1 el pr\u00f3ximo d\u00eda 19 de junio una <strong>ruta senderista por el Valle del Jerte<\/strong>.\u00a0Con esta caminata de convivencia cerrar\u00e1n el primer semestre de actividades del grupo. \u00a0Se trata de una <strong>marcha circular de 13 kil\u00f3metros<\/strong> por la Reserva Natural de la Garganta de los Infiernos (Los Pilones). \u00a0<!--more--><\/p>\n<p>Las inscripciones se pueden tramitar a trav\u00e9s del mail gruposenderistavb@gmail.com.<\/p>\n<p>&nbsp;<\/p>\n<!-- AddThis Advanced Settings generic via filter on the_content --><!-- AddThis Share Buttons generic via filter on the_content -->","protected":false},"excerpt":{"rendered":"<p>El Grupo Senderista Vegas Bajas realizar\u00e1 el pr\u00f3ximo d\u00eda 19 de junio una ruta senderista por el Valle del Jerte.\u00a0Con esta caminata de convivencia cerrar\u00e1n el primer semestre de actividades del grupo. \u00a0Se trata de una marcha circular de 13 kil\u00f3metros por la Reserva Natural de la Garganta de los Infiernos (Los Pilones). \u00a0<!-- AddThis Advanced Settings generic via filter on get_the_excerpt --><!-- AddThis Share Buttons generic via filter on get_the_excerpt --><\/p>\n","protected":false},"author":27,"featured_media":0,"comment_status":"open","ping_status":"closed","sticky":false,"template":"","format":"standard","meta":[],"categories":[3],"tags":[632,830,844,906,944,1035],"_links":{"self":[{"href":"https:\/\/blogs.hoy.es\/senderosextremadura\/wp-json\/wp\/v2\/posts\/3842"}],"collection":[{"href":"https:\/\/blogs.hoy.es\/senderosextremadura\/wp-json\/wp\/v2\/posts"}],"about":[{"href":"https:\/\/blogs.hoy.es\/senderosextremadura\/wp-json\/wp\/v2\/types\/post"}],"author":[{"embeddable":true,"href":"https:\/\/blogs.hoy.es\/senderosextremadura\/wp-json\/wp\/v2\/users\/27"}],"replies":[{"embeddable":true,"href":"https:\/\/blogs.hoy.es\/senderosextremadura\/wp-json\/wp\/v2\/comments?post=3842"}],"version-history":[{"count":0,"href":"https:\/\/blogs.hoy.es\/senderosextremadura\/wp-json\/wp\/v2\/posts\/3842\/revisions"}],"wp:attachment":[{"href":"https:\/\/blogs.hoy.es\/senderosextremadura\/wp-json\/wp\/v2\/media?parent=3842"}],"wp:term":[{"taxonomy":"category","embeddable":true,"href":"https:\/\/blogs.hoy.es\/senderosextremadura\/wp-json\/wp\/v2\/categories?post=3842"},{"taxonomy":"post_tag","embeddable":true,"href":"https:\/\/blogs.hoy.es\/senderosextremadura\/wp-json\/wp\/v2\/tags?post=3842"}],"curies":[{"name":"wp","href":"https:\/\/api.w.org\/{rel}","templated":true}]}}