{"id":3845,"date":"2016-06-02T11:51:32","date_gmt":"2016-06-02T11:51:32","guid":{"rendered":"http:\/\/blogs.hoy.es\/senderosextremadura\/?p=3845"},"modified":"2016-06-02T11:51:32","modified_gmt":"2016-06-02T11:51:32","slug":"15-kilometros-por-la-sierra-de-candelario-5-de-junio","status":"publish","type":"post","link":"https:\/\/blogs.hoy.es\/senderosextremadura\/2016\/06\/02\/15-kilometros-por-la-sierra-de-candelario-5-de-junio\/","title":{"rendered":"15 kil\u00f3metros por la Sierra de Candelario (5 de junio)"},"content":{"rendered":"<p>El club extreme\u00f1o de senderismo y monta\u00f1a GR 100 ha programado para este domingo 5 de junio una ruta por la Sierra de Candelario. Se trata de una caminata de 15 kil\u00f3metros y dificultad media. Los participantes saldr\u00e1n en autob\u00fas desde Badajoz (7 horas) y C\u00e1ceres (8.15). Las inscripciones se pueden hacer a trav\u00e9s del link http:\/\/www.reunalia.com\/7415608.<\/p>\n<!-- AddThis Advanced Settings generic via filter on the_content --><!-- AddThis Share Buttons generic via filter on the_content -->","protected":false},"excerpt":{"rendered":"<p>El club extreme\u00f1o de senderismo y monta\u00f1a GR 100 ha programado para este domingo 5 de junio una ruta por la Sierra de Candelario. Se trata de una caminata de 15 kil\u00f3metros y dificultad media. Los participantes saldr\u00e1n en autob\u00fas desde Badajoz (7 horas) y C\u00e1ceres (8.15). Las inscripciones se pueden hacer a trav\u00e9s del [&hellip;]<!-- AddThis Advanced Settings generic via filter on get_the_excerpt --><!-- AddThis Share Buttons generic via filter on get_the_excerpt --><\/p>\n","protected":false},"author":27,"featured_media":0,"comment_status":"open","ping_status":"closed","sticky":false,"template":"","format":"standard","meta":[],"categories":[3],"tags":[792,873,974,1035],"_links":{"self":[{"href":"https:\/\/blogs.hoy.es\/senderosextremadura\/wp-json\/wp\/v2\/posts\/3845"}],"collection":[{"href":"https:\/\/blogs.hoy.es\/senderosextremadura\/wp-json\/wp\/v2\/posts"}],"about":[{"href":"https:\/\/blogs.hoy.es\/senderosextremadura\/wp-json\/wp\/v2\/types\/post"}],"author":[{"embeddable":true,"href":"https:\/\/blogs.hoy.es\/senderosextremadura\/wp-json\/wp\/v2\/users\/27"}],"replies":[{"embeddable":true,"href":"https:\/\/blogs.hoy.es\/senderosextremadura\/wp-json\/wp\/v2\/comments?post=3845"}],"version-history":[{"count":0,"href":"https:\/\/blogs.hoy.es\/senderosextremadura\/wp-json\/wp\/v2\/posts\/3845\/revisions"}],"wp:attachment":[{"href":"https:\/\/blogs.hoy.es\/senderosextremadura\/wp-json\/wp\/v2\/media?parent=3845"}],"wp:term":[{"taxonomy":"category","embeddable":true,"href":"https:\/\/blogs.hoy.es\/senderosextremadura\/wp-json\/wp\/v2\/categories?post=3845"},{"taxonomy":"post_tag","embeddable":true,"href":"https:\/\/blogs.hoy.es\/senderosextremadura\/wp-json\/wp\/v2\/tags?post=3845"}],"curies":[{"name":"wp","href":"https:\/\/api.w.org\/{rel}","templated":true}]}}