{"id":3850,"date":"2016-06-14T09:31:34","date_gmt":"2016-06-14T09:31:34","guid":{"rendered":"http:\/\/blogs.hoy.es\/senderosextremadura\/?p=3850"},"modified":"2016-06-14T09:31:34","modified_gmt":"2016-06-14T09:31:34","slug":"la-iv-ruta-las-callejas-de-hoyos-se-celebra-el-proximo-domingo","status":"publish","type":"post","link":"https:\/\/blogs.hoy.es\/senderosextremadura\/2016\/06\/14\/la-iv-ruta-las-callejas-de-hoyos-se-celebra-el-proximo-domingo\/","title":{"rendered":"La IV Ruta &#039;Las Callejas de Hoyos&#039; se celebra el pr\u00f3ximo domingo"},"content":{"rendered":"<p><a href=\"https:\/\/blogs.hoy.es\/senderosextremadura\/2016\/06\/14\/la-iv-ruta-las-callejas-de-hoyos-se-celebra-el-proximo-domingo\/a1-42305092-jpg\/\" rel=\"attachment wp-att-3852\"><img loading=\"lazy\" class=\"aligncenter size-full wp-image-3852\" title=\"hoyos\" src=\"\/senderosextremadura\/wp-content\/uploads\/sites\/22\/2016\/06\/hoyos.jpg\" alt=\"\" width=\"575\" height=\"398\" srcset=\"https:\/\/static-blogs.hoy.es\/wp-content\/uploads\/sites\/22\/2016\/06\/hoyos.jpg 575w, https:\/\/static-blogs.hoy.es\/wp-content\/uploads\/sites\/22\/2016\/06\/hoyos-300x208.jpg 300w\" sizes=\"(max-width: 575px) 100vw, 575px\" \/><\/a><\/p>\n<p>La localidad cacere\u00f1a de Hoyos acoger\u00e1 este pr\u00f3ximo domingo 19 de junio la IV Ruta BTT &#038; Senderismo \u00a0<strong>Las Callejas de Hoyos<\/strong>. Este evento deportivo contar\u00e1 con una ruta BTT de 44 kil\u00f3metros aproximadamente y una marcha senderista de 10 kil\u00f3metros. La recogida de dorsales para participar en ambas rutas tendr\u00e1 lugar en horario de ma\u00f1ana de 8,00 a 8,45 horas. Los caminantes saldr\u00e1n a las 9 de la ma\u00f1ana. Las inscripciones e informaci\u00f3n para las personas que est\u00e9n interesadas en participar lo pueden hacer en <a href=\"http:\/\/advilladehoyosbtt.blogspot.com.es\/\" target=\"_blank\" rel=\"external nofollow\">advilladehoyosbtt.blogspot.com.es.<\/a><\/p>\n<!-- AddThis Advanced Settings generic via filter on the_content --><!-- AddThis Share Buttons generic via filter on the_content -->","protected":false},"excerpt":{"rendered":"<p>La localidad cacere\u00f1a de Hoyos acoger\u00e1 este pr\u00f3ximo domingo 19 de junio la IV Ruta BTT &#038; Senderismo \u00a0Las Callejas de Hoyos. Este evento deportivo contar\u00e1 con una ruta BTT de 44 kil\u00f3metros aproximadamente y una marcha senderista de 10 kil\u00f3metros. La recogida de dorsales para participar en ambas rutas tendr\u00e1 lugar en horario de [&hellip;]<!-- AddThis Advanced Settings generic via filter on get_the_excerpt --><!-- AddThis Share Buttons generic via filter on get_the_excerpt --><\/p>\n","protected":false},"author":27,"featured_media":0,"comment_status":"open","ping_status":"closed","sticky":false,"template":"","format":"standard","meta":[],"categories":[3],"tags":[394,821,906,977,1035],"_links":{"self":[{"href":"https:\/\/blogs.hoy.es\/senderosextremadura\/wp-json\/wp\/v2\/posts\/3850"}],"collection":[{"href":"https:\/\/blogs.hoy.es\/senderosextremadura\/wp-json\/wp\/v2\/posts"}],"about":[{"href":"https:\/\/blogs.hoy.es\/senderosextremadura\/wp-json\/wp\/v2\/types\/post"}],"author":[{"embeddable":true,"href":"https:\/\/blogs.hoy.es\/senderosextremadura\/wp-json\/wp\/v2\/users\/27"}],"replies":[{"embeddable":true,"href":"https:\/\/blogs.hoy.es\/senderosextremadura\/wp-json\/wp\/v2\/comments?post=3850"}],"version-history":[{"count":0,"href":"https:\/\/blogs.hoy.es\/senderosextremadura\/wp-json\/wp\/v2\/posts\/3850\/revisions"}],"wp:attachment":[{"href":"https:\/\/blogs.hoy.es\/senderosextremadura\/wp-json\/wp\/v2\/media?parent=3850"}],"wp:term":[{"taxonomy":"category","embeddable":true,"href":"https:\/\/blogs.hoy.es\/senderosextremadura\/wp-json\/wp\/v2\/categories?post=3850"},{"taxonomy":"post_tag","embeddable":true,"href":"https:\/\/blogs.hoy.es\/senderosextremadura\/wp-json\/wp\/v2\/tags?post=3850"}],"curies":[{"name":"wp","href":"https:\/\/api.w.org\/{rel}","templated":true}]}}