{"id":3853,"date":"2016-06-14T09:40:09","date_gmt":"2016-06-14T09:40:09","guid":{"rendered":"http:\/\/blogs.hoy.es\/senderosextremadura\/?p=3853"},"modified":"2016-06-14T09:40:09","modified_gmt":"2016-06-14T09:40:09","slug":"navalmoral-acoge-la-marcha-norturna-de-la-fuente-18-de-junio","status":"publish","type":"post","link":"https:\/\/blogs.hoy.es\/senderosextremadura\/2016\/06\/14\/navalmoral-acoge-la-marcha-norturna-de-la-fuente-18-de-junio\/","title":{"rendered":"Navalmoral acoge la Marcha Nocturna de la Fuente (18 de junio)"},"content":{"rendered":"<p><a href=\"https:\/\/blogs.hoy.es\/senderosextremadura\/\"><img loading=\"lazy\" class=\"aligncenter size-large wp-image-3854\" title=\"\" src=\"\/senderosextremadura\/wp-content\/uploads\/sites\/22\/2016\/06\/portada2.jpg\" alt=\"\" width=\"600\" height=\"188\" srcset=\"https:\/\/static-blogs.hoy.es\/wp-content\/uploads\/sites\/22\/2016\/06\/portada2.jpg 725w, https:\/\/static-blogs.hoy.es\/wp-content\/uploads\/sites\/22\/2016\/06\/portada2-300x94.jpg 300w, https:\/\/static-blogs.hoy.es\/wp-content\/uploads\/sites\/22\/2016\/06\/portada2-600x189.jpg 600w\" sizes=\"(max-width: 600px) 100vw, 600px\" \/><\/a><\/p>\n<p>Una de las citas deportivas m\u00e1s importantes del fin de semana parte de <strong>Navalmoral de la Mata.<\/strong> Se trata de la <strong>Marcha nocturna de la Fuente<\/strong>, que recorre el s\u00e1bado 18 el entorno de la localidad morala. La caminata, que comienza a las 21.00 horas desde el <strong>Jardincillo<\/strong>, comprende unos ocho kil\u00f3metros y es apta para toda la familia. Cabe destacar que los interesados tienen que inscribirse en la casa del Deporte.<!--more-->El precio es de dos euros para adultos, a los que se les regalar\u00e1 una linterna, y de uno para los ni\u00f1os. Los caminantes podr\u00e1n disfrutar, en la mitad de la prueba, de avituallamiento compuesto por <strong>barritas energ\u00e9ticas y agua<\/strong>. La actividad la cerrar\u00e1, en la meta, la m\u00fasica del carro m\u00e1gico de Charly.<\/p>\n<!-- AddThis Advanced Settings generic via filter on the_content --><!-- AddThis Share Buttons generic via filter on the_content -->","protected":false},"excerpt":{"rendered":"<p>Una de las citas deportivas m\u00e1s importantes del fin de semana parte de Navalmoral de la Mata. Se trata de la Marcha nocturna de la Fuente, que recorre el s\u00e1bado 18 el entorno de la localidad morala. La caminata, que comienza a las 21.00 horas desde el Jardincillo, comprende unos ocho kil\u00f3metros y es apta [&hellip;]<!-- AddThis Advanced Settings generic via filter on get_the_excerpt --><!-- AddThis Share Buttons generic via filter on get_the_excerpt --><\/p>\n","protected":false},"author":27,"featured_media":0,"comment_status":"open","ping_status":"closed","sticky":false,"template":"","format":"standard","meta":[],"categories":[3],"tags":[557,821,873,1035],"_links":{"self":[{"href":"https:\/\/blogs.hoy.es\/senderosextremadura\/wp-json\/wp\/v2\/posts\/3853"}],"collection":[{"href":"https:\/\/blogs.hoy.es\/senderosextremadura\/wp-json\/wp\/v2\/posts"}],"about":[{"href":"https:\/\/blogs.hoy.es\/senderosextremadura\/wp-json\/wp\/v2\/types\/post"}],"author":[{"embeddable":true,"href":"https:\/\/blogs.hoy.es\/senderosextremadura\/wp-json\/wp\/v2\/users\/27"}],"replies":[{"embeddable":true,"href":"https:\/\/blogs.hoy.es\/senderosextremadura\/wp-json\/wp\/v2\/comments?post=3853"}],"version-history":[{"count":0,"href":"https:\/\/blogs.hoy.es\/senderosextremadura\/wp-json\/wp\/v2\/posts\/3853\/revisions"}],"wp:attachment":[{"href":"https:\/\/blogs.hoy.es\/senderosextremadura\/wp-json\/wp\/v2\/media?parent=3853"}],"wp:term":[{"taxonomy":"category","embeddable":true,"href":"https:\/\/blogs.hoy.es\/senderosextremadura\/wp-json\/wp\/v2\/categories?post=3853"},{"taxonomy":"post_tag","embeddable":true,"href":"https:\/\/blogs.hoy.es\/senderosextremadura\/wp-json\/wp\/v2\/tags?post=3853"}],"curies":[{"name":"wp","href":"https:\/\/api.w.org\/{rel}","templated":true}]}}