{"id":3866,"date":"2017-02-12T19:59:09","date_gmt":"2017-02-12T19:59:09","guid":{"rendered":"http:\/\/blogs.hoy.es\/senderosextremadura\/?p=3866"},"modified":"2017-02-12T19:59:09","modified_gmt":"2017-02-12T19:59:09","slug":"ruta-del-rio-gudajira-18-kilometros","status":"publish","type":"post","link":"https:\/\/blogs.hoy.es\/senderosextremadura\/2017\/02\/12\/ruta-del-rio-gudajira-18-kilometros\/","title":{"rendered":"Ruta del R\u00edo Gudajira (18 kil\u00f3metros)"},"content":{"rendered":"<p>La localidad pacense de Aceuchal acoge el \u00a0domingo 5 de marzo la Ruta del R\u00edo Guadajira. La caminata de 18 kil\u00f3metros comenzar\u00e1 a las diez de la ma\u00f1ana en el recinto ferial.\u00a0\u00a0La dificultad es baja\/media y tiene un coste de inscripci\u00f3n de 3 euros. Los interesados pueden inscribirse hasta el 2 de marzo.<\/p>\n<p><a href=\"https:\/\/blogs.hoy.es\/senderosextremadura\/2017\/02\/12\/ruta-del-rio-gudajira-18-kilometros\/16395613_1160300467421323_1033278701_n-2\/\" rel=\"attachment wp-att-3868\"><img loading=\"lazy\" class=\"aligncenter size-large wp-image-3868\" title=\"16395613_1160300467421323_1033278701_n\" src=\"\/senderosextremadura\/wp-content\/uploads\/sites\/22\/2017\/02\/16395613_1160300467421323_1033278701_n1.jpg\" alt=\"\" width=\"600\" height=\"399\" srcset=\"https:\/\/static-blogs.hoy.es\/wp-content\/uploads\/sites\/22\/2017\/02\/16395613_1160300467421323_1033278701_n1.jpg 749w, https:\/\/static-blogs.hoy.es\/wp-content\/uploads\/sites\/22\/2017\/02\/16395613_1160300467421323_1033278701_n1-300x200.jpg 300w, https:\/\/static-blogs.hoy.es\/wp-content\/uploads\/sites\/22\/2017\/02\/16395613_1160300467421323_1033278701_n1-600x400.jpg 600w\" sizes=\"(max-width: 600px) 100vw, 600px\" \/><\/a><\/p>\n<!-- AddThis Advanced Settings generic via filter on the_content --><!-- AddThis Share Buttons generic via filter on the_content -->","protected":false},"excerpt":{"rendered":"<p>La localidad pacense de Aceuchal acoge el \u00a0domingo 5 de marzo la Ruta del R\u00edo Guadajira. La caminata de 18 kil\u00f3metros comenzar\u00e1 a las diez de la ma\u00f1ana en el recinto ferial.\u00a0\u00a0La dificultad es baja\/media y tiene un coste de inscripci\u00f3n de 3 euros. Los interesados pueden inscribirse hasta el 2 de marzo.<!-- AddThis Advanced Settings generic via filter on get_the_excerpt --><!-- AddThis Share Buttons generic via filter on get_the_excerpt --><\/p>\n","protected":false},"author":27,"featured_media":0,"comment_status":"open","ping_status":"closed","sticky":false,"template":"","format":"standard","meta":[],"categories":[3],"tags":[10,836,906],"_links":{"self":[{"href":"https:\/\/blogs.hoy.es\/senderosextremadura\/wp-json\/wp\/v2\/posts\/3866"}],"collection":[{"href":"https:\/\/blogs.hoy.es\/senderosextremadura\/wp-json\/wp\/v2\/posts"}],"about":[{"href":"https:\/\/blogs.hoy.es\/senderosextremadura\/wp-json\/wp\/v2\/types\/post"}],"author":[{"embeddable":true,"href":"https:\/\/blogs.hoy.es\/senderosextremadura\/wp-json\/wp\/v2\/users\/27"}],"replies":[{"embeddable":true,"href":"https:\/\/blogs.hoy.es\/senderosextremadura\/wp-json\/wp\/v2\/comments?post=3866"}],"version-history":[{"count":0,"href":"https:\/\/blogs.hoy.es\/senderosextremadura\/wp-json\/wp\/v2\/posts\/3866\/revisions"}],"wp:attachment":[{"href":"https:\/\/blogs.hoy.es\/senderosextremadura\/wp-json\/wp\/v2\/media?parent=3866"}],"wp:term":[{"taxonomy":"category","embeddable":true,"href":"https:\/\/blogs.hoy.es\/senderosextremadura\/wp-json\/wp\/v2\/categories?post=3866"},{"taxonomy":"post_tag","embeddable":true,"href":"https:\/\/blogs.hoy.es\/senderosextremadura\/wp-json\/wp\/v2\/tags?post=3866"}],"curies":[{"name":"wp","href":"https:\/\/api.w.org\/{rel}","templated":true}]}}