{"id":3880,"date":"2017-02-16T09:02:00","date_gmt":"2017-02-16T09:02:00","guid":{"rendered":"http:\/\/blogs.hoy.es\/senderosextremadura\/?p=3880"},"modified":"2017-02-16T09:02:00","modified_gmt":"2017-02-16T09:02:00","slug":"casar-de-caceres-recorre-las-tierras-concedidas-por-el-privilegio-de-sancho-iv","status":"publish","type":"post","link":"https:\/\/blogs.hoy.es\/senderosextremadura\/2017\/02\/16\/casar-de-caceres-recorre-las-tierras-concedidas-por-el-privilegio-de-sancho-iv\/","title":{"rendered":"Casar de C\u00e1ceres recorre las tierras concedidas por el Privilegio de Sancho IV"},"content":{"rendered":"<p>Casar de C\u00e1ceres celebra por primera vez la Ruta de senderismo de la media legua, con un recorrido por las tierras concedidas por el Privilegio de Sancho IV, con un trayecto aproximado de 5 kil\u00f3metros. El encuentro tendr\u00e1 lugar este domingo 19. Los caminantes se reunir\u00e1n a las 9.30 horas en la Plaza de Sancho IV, donde se repartir\u00e1n migas entre las personas participantes. Igualmente recibir\u00e1n un ticket que podr\u00e1n canjear por una tapa en cualquiera de los bares que participan en la Ruta de la Tapa tradicional o bien en el Mercado Hist\u00f3rico.<\/p>\n<!-- AddThis Advanced Settings generic via filter on the_content --><!-- AddThis Share Buttons generic via filter on the_content -->","protected":false},"excerpt":{"rendered":"<p>Casar de C\u00e1ceres celebra por primera vez la Ruta de senderismo de la media legua, con un recorrido por las tierras concedidas por el Privilegio de Sancho IV, con un trayecto aproximado de 5 kil\u00f3metros. El encuentro tendr\u00e1 lugar este domingo 19. Los caminantes se reunir\u00e1n a las 9.30 horas en la Plaza de Sancho [&hellip;]<!-- AddThis Advanced Settings generic via filter on get_the_excerpt --><!-- AddThis Share Buttons generic via filter on get_the_excerpt --><\/p>\n","protected":false},"author":27,"featured_media":0,"comment_status":"open","ping_status":"closed","sticky":false,"template":"","format":"standard","meta":[],"categories":[3],"tags":[165,873],"_links":{"self":[{"href":"https:\/\/blogs.hoy.es\/senderosextremadura\/wp-json\/wp\/v2\/posts\/3880"}],"collection":[{"href":"https:\/\/blogs.hoy.es\/senderosextremadura\/wp-json\/wp\/v2\/posts"}],"about":[{"href":"https:\/\/blogs.hoy.es\/senderosextremadura\/wp-json\/wp\/v2\/types\/post"}],"author":[{"embeddable":true,"href":"https:\/\/blogs.hoy.es\/senderosextremadura\/wp-json\/wp\/v2\/users\/27"}],"replies":[{"embeddable":true,"href":"https:\/\/blogs.hoy.es\/senderosextremadura\/wp-json\/wp\/v2\/comments?post=3880"}],"version-history":[{"count":0,"href":"https:\/\/blogs.hoy.es\/senderosextremadura\/wp-json\/wp\/v2\/posts\/3880\/revisions"}],"wp:attachment":[{"href":"https:\/\/blogs.hoy.es\/senderosextremadura\/wp-json\/wp\/v2\/media?parent=3880"}],"wp:term":[{"taxonomy":"category","embeddable":true,"href":"https:\/\/blogs.hoy.es\/senderosextremadura\/wp-json\/wp\/v2\/categories?post=3880"},{"taxonomy":"post_tag","embeddable":true,"href":"https:\/\/blogs.hoy.es\/senderosextremadura\/wp-json\/wp\/v2\/tags?post=3880"}],"curies":[{"name":"wp","href":"https:\/\/api.w.org\/{rel}","templated":true}]}}