{"id":3882,"date":"2017-02-21T18:53:10","date_gmt":"2017-02-21T18:53:10","guid":{"rendered":"http:\/\/blogs.hoy.es\/senderosextremadura\/?p=3882"},"modified":"2017-02-21T18:53:10","modified_gmt":"2017-02-21T18:53:10","slug":"la-xiii-ruta-senderista-penas-blancas-se-celebrara-el-5-de-marzo","status":"publish","type":"post","link":"https:\/\/blogs.hoy.es\/senderosextremadura\/2017\/02\/21\/la-xiii-ruta-senderista-penas-blancas-se-celebrara-el-5-de-marzo\/","title":{"rendered":"La XIII Ruta Senderista Pe\u00f1as Blancas se celebrar\u00e1 el 5 de marzo"},"content":{"rendered":"<p><a href=\"https:\/\/blogs.hoy.es\/senderosextremadura\/\"><img loading=\"lazy\" class=\"aligncenter size-full wp-image-3883\" title=\"\" src=\"\/senderosextremadura\/wp-content\/uploads\/sites\/22\/2017\/02\/zarza-2017216153422.jpg\" alt=\"\" width=\"600\" height=\"358\" srcset=\"https:\/\/static-blogs.hoy.es\/wp-content\/uploads\/sites\/22\/2017\/02\/zarza-2017216153422.jpg 600w, https:\/\/static-blogs.hoy.es\/wp-content\/uploads\/sites\/22\/2017\/02\/zarza-2017216153422-300x179.jpg 300w\" sizes=\"(max-width: 600px) 100vw, 600px\" \/><\/a><\/p>\n<p>PEDRO ESPINOSA | El Club de Senderismo \u201cPe\u00f1as Blancas\u201d comunica que ya se encuentra abierto el plazo de inscripci\u00f3n para la XIII edici\u00f3n de la Ruta Senderista Pe\u00f1as Blancas, que se celebrar\u00e1 el domingo, cinco de marzo.<\/p>\n<p>La cuota de inscripci\u00f3n ser\u00e1 de tres euros para las personas federadas y de cinco para los no federados. La inscripci\u00f3n incluye seguros de accidente y de responsabilidad civil, avituallamientos, comida final \u2013 paella- y un obsequio conmemorativo de la prueba.<\/p>\n<p>La organizaci\u00f3n ha establecido un m\u00e1ximo de 1.200 participantes, reserv\u00e1ndose el derecho de cerrar las inscripciones si antes de la fecha prevista (uno de marzo) se alcanza el l\u00edmite citado.<\/p>\n<p>Las inscripciones y el pago de las mismas deber\u00e1n realizarse a trav\u00e9s de www.tucrono.com y se puede encontrar m\u00e1s informaci\u00f3n en sendezarza.blogspot.com<\/p>\n<p>Se trata de una ruta de 18 kil\u00f3metros, de dificultad media, que transcurre por las proximidades de La Zarza y permite conocer y disfrutar de parajes de alto inter\u00e9s hist\u00f3rico-paisaj\u00edstico tales como las pinturas rupestres de La Calderita, la sierra de Pe\u00f1as Blancas, el pinar de los Balancines, la sierra de Juan Bueno y las minas de Tierrablanca. Se ofrecer\u00e1 una ruta alternativa de 15 kil\u00f3metros para aquellas personas que no puedan realizar la subida a la sierra.<\/p>\n<p>Lee el art\u00edculo completo en <a href=\"http:\/\/lazarza.hoy.es\/noticias\/201702\/16\/abierto-plazo-inscripcion-para-20170216153917.html\" rel=\"external nofollow\">HOY La Zarza.<\/a><\/p>\n<!-- AddThis Advanced Settings generic via filter on the_content --><!-- AddThis Share Buttons generic via filter on the_content -->","protected":false},"excerpt":{"rendered":"<p>PEDRO ESPINOSA | El Club de Senderismo \u201cPe\u00f1as Blancas\u201d comunica que ya se encuentra abierto el plazo de inscripci\u00f3n para la XIII edici\u00f3n de la Ruta Senderista Pe\u00f1as Blancas, que se celebrar\u00e1 el domingo, cinco de marzo. La cuota de inscripci\u00f3n ser\u00e1 de tres euros para las personas federadas y de cinco para los no [&hellip;]<!-- AddThis Advanced Settings generic via filter on get_the_excerpt --><!-- AddThis Share Buttons generic via filter on get_the_excerpt --><\/p>\n","protected":false},"author":27,"featured_media":0,"comment_status":"open","ping_status":"closed","sticky":false,"template":"","format":"standard","meta":[],"categories":[3],"tags":[792,906],"_links":{"self":[{"href":"https:\/\/blogs.hoy.es\/senderosextremadura\/wp-json\/wp\/v2\/posts\/3882"}],"collection":[{"href":"https:\/\/blogs.hoy.es\/senderosextremadura\/wp-json\/wp\/v2\/posts"}],"about":[{"href":"https:\/\/blogs.hoy.es\/senderosextremadura\/wp-json\/wp\/v2\/types\/post"}],"author":[{"embeddable":true,"href":"https:\/\/blogs.hoy.es\/senderosextremadura\/wp-json\/wp\/v2\/users\/27"}],"replies":[{"embeddable":true,"href":"https:\/\/blogs.hoy.es\/senderosextremadura\/wp-json\/wp\/v2\/comments?post=3882"}],"version-history":[{"count":0,"href":"https:\/\/blogs.hoy.es\/senderosextremadura\/wp-json\/wp\/v2\/posts\/3882\/revisions"}],"wp:attachment":[{"href":"https:\/\/blogs.hoy.es\/senderosextremadura\/wp-json\/wp\/v2\/media?parent=3882"}],"wp:term":[{"taxonomy":"category","embeddable":true,"href":"https:\/\/blogs.hoy.es\/senderosextremadura\/wp-json\/wp\/v2\/categories?post=3882"},{"taxonomy":"post_tag","embeddable":true,"href":"https:\/\/blogs.hoy.es\/senderosextremadura\/wp-json\/wp\/v2\/tags?post=3882"}],"curies":[{"name":"wp","href":"https:\/\/api.w.org\/{rel}","templated":true}]}}