{"id":3885,"date":"2017-02-22T22:16:07","date_gmt":"2017-02-22T22:16:07","guid":{"rendered":"http:\/\/blogs.hoy.es\/senderosextremadura\/?p=3885"},"modified":"2017-02-22T22:16:07","modified_gmt":"2017-02-22T22:16:07","slug":"la-fundacion-global-nature-organiza-dos-rutas-accesibles-por-monfrague","status":"publish","type":"post","link":"https:\/\/blogs.hoy.es\/senderosextremadura\/2017\/02\/22\/la-fundacion-global-nature-organiza-dos-rutas-accesibles-por-monfrague\/","title":{"rendered":"La Fundaci\u00f3n Global Nature organiza dos rutas accesibles por Monfrag\u00fce"},"content":{"rendered":"<p><img loading=\"lazy\" class=\"aligncenter size-large wp-image-3886\" title=\"\" src=\"\/senderosextremadura\/wp-content\/uploads\/sites\/22\/2017\/02\/parque.jpg\" alt=\"\" width=\"600\" height=\"337\" \/><\/p>\n<p>La Fundaci\u00f3n Global Nature ofrecer\u00e1 a personas con movilidad reducida la posibilidad de recorrer el entorno del Parque Natural de Monfrag\u00fce durante la celebraci\u00f3n de la Feria Internacional de Turismo Ornitol\u00f3gico (FIO), que tendr\u00e1 lugar del 24 al 26 de febrero.<\/p>\n<p>As\u00ed, el s\u00e1bado y el domingo, de 12:00 a 14:00 horas, se realizar\u00e1 una ruta diaria con jo\u00eblette, una silla adaptada de una sola rueda ancha, guiada por voluntarios y que permite realizar trayectos por el medio natural en terrenos accidentados.<!--more--><\/p>\n<p>La inscripci\u00f3n se realizar\u00e1 en el punto de informaci\u00f3n de la propia feria, seg\u00fan ha informado hoy el colectivo en una nota.<\/p>\n<p>Estas rutas se enmarcan en el proyecto &#8220;Naturaleza para todos&#8221;, una iniciativa de voluntariado dirigida a personas con movilidad reducida, para que puedan realizar actividades de educaci\u00f3n ambiental y senderismo.<\/p>\n<p>&#8220;Es posible llevar a cabo esta iniciativa gracias a los voluntarios que participan con mucha ilusi\u00f3n y compromiso y a la jo\u00eblette&#8221;, ha destacado Global Nature.<\/p>\n<p>Desde 2013 se han organizado m\u00e1s de 50 rutas en entornos como el Parque Nacional del Teide, Picos de Europa o Monfrag\u00fce, en las que han colaborado m\u00e1s de 200 voluntarios.<\/p>\n<p>Fuente: EFE<\/p>\n<!-- AddThis Advanced Settings generic via filter on the_content --><!-- AddThis Share Buttons generic via filter on the_content -->","protected":false},"excerpt":{"rendered":"<p>La Fundaci\u00f3n Global Nature ofrecer\u00e1 a personas con movilidad reducida la posibilidad de recorrer el entorno del Parque Natural de Monfrag\u00fce durante la celebraci\u00f3n de la Feria Internacional de Turismo Ornitol\u00f3gico (FIO), que tendr\u00e1 lugar del 24 al 26 de febrero. As\u00ed, el s\u00e1bado y el domingo, de 12:00 a 14:00 horas, se realizar\u00e1 una [&hellip;]<!-- AddThis Advanced Settings generic via filter on get_the_excerpt --><!-- AddThis Share Buttons generic via filter on get_the_excerpt --><\/p>\n","protected":false},"author":27,"featured_media":0,"comment_status":"open","ping_status":"closed","sticky":false,"template":"","format":"standard","meta":[],"categories":[3],"tags":[515,836,906],"_links":{"self":[{"href":"https:\/\/blogs.hoy.es\/senderosextremadura\/wp-json\/wp\/v2\/posts\/3885"}],"collection":[{"href":"https:\/\/blogs.hoy.es\/senderosextremadura\/wp-json\/wp\/v2\/posts"}],"about":[{"href":"https:\/\/blogs.hoy.es\/senderosextremadura\/wp-json\/wp\/v2\/types\/post"}],"author":[{"embeddable":true,"href":"https:\/\/blogs.hoy.es\/senderosextremadura\/wp-json\/wp\/v2\/users\/27"}],"replies":[{"embeddable":true,"href":"https:\/\/blogs.hoy.es\/senderosextremadura\/wp-json\/wp\/v2\/comments?post=3885"}],"version-history":[{"count":0,"href":"https:\/\/blogs.hoy.es\/senderosextremadura\/wp-json\/wp\/v2\/posts\/3885\/revisions"}],"wp:attachment":[{"href":"https:\/\/blogs.hoy.es\/senderosextremadura\/wp-json\/wp\/v2\/media?parent=3885"}],"wp:term":[{"taxonomy":"category","embeddable":true,"href":"https:\/\/blogs.hoy.es\/senderosextremadura\/wp-json\/wp\/v2\/categories?post=3885"},{"taxonomy":"post_tag","embeddable":true,"href":"https:\/\/blogs.hoy.es\/senderosextremadura\/wp-json\/wp\/v2\/tags?post=3885"}],"curies":[{"name":"wp","href":"https:\/\/api.w.org\/{rel}","templated":true}]}}