{"id":3899,"date":"2017-03-07T17:34:11","date_gmt":"2017-03-07T17:34:11","guid":{"rendered":"http:\/\/blogs.hoy.es\/senderosextremadura\/?p=3899"},"modified":"2017-03-07T17:34:11","modified_gmt":"2017-03-07T17:34:11","slug":"la-ruta-de-los-tartesos-incluira-escenas-de-el-alcalde-de-zalamea-11-de-febrero","status":"publish","type":"post","link":"https:\/\/blogs.hoy.es\/senderosextremadura\/2017\/03\/07\/la-ruta-de-los-tartesos-incluira-escenas-de-el-alcalde-de-zalamea-11-de-febrero\/","title":{"rendered":"La Ruta de los Tartesos incluir\u00e1 escenas de &#039;El Alcalde de Zalamea&#039; (12 de marzo)"},"content":{"rendered":"<p><img loading=\"lazy\" class=\"aligncenter size-large wp-image-3904\" title=\"\" src=\"\/senderosextremadura\/wp-content\/uploads\/sites\/22\/2017\/03\/ruta-.jpg\" alt=\"\" width=\"600\" height=\"337\" srcset=\"https:\/\/static-blogs.hoy.es\/wp-content\/uploads\/sites\/22\/2017\/03\/ruta-.jpg 1600w, https:\/\/static-blogs.hoy.es\/wp-content\/uploads\/sites\/22\/2017\/03\/ruta--300x169.jpg 300w, https:\/\/static-blogs.hoy.es\/wp-content\/uploads\/sites\/22\/2017\/03\/ruta--768x432.jpg 768w, https:\/\/static-blogs.hoy.es\/wp-content\/uploads\/sites\/22\/2017\/03\/ruta--600x338.jpg 600w\" sizes=\"(max-width: 600px) 100vw, 600px\" \/><\/p>\n<p>La localidad pacense de Zalamea de La Serena organiza el pr\u00f3ximo 12 de marzo la cuarta edici\u00f3n de la &#8220;Ruta Senderista de los Tartesos&#8221;, que incluir\u00e1 distintas escenas de la obra &#8220;El alcalde de Zalamea&#8221; y recreaciones de oficios tradicionales.<\/p>\n<p>La ruta, incluida en el &#8220;Circuito Camina Extremadura&#8221;, es una oportunidad para ver el rico legado hist\u00f3rico y patrimonial de Zalamea, como ha destacado su alcalde, Miguel Angel Fuentes, en palabras a los medios.<!--more--><\/p>\n<p>La singularidad de esta ruta es que mezcla deporte con la exposici\u00f3n de patrimonio, con cultura, tradiciones y teatro, todo con el objetivo de &#8220;vender Zalamea y la comarca de La Serena&#8221;, ha indicado el primer edil.<\/p>\n<p>La organizaci\u00f3n ha establecido tres distancias para ajustarlas a las condiciones f\u00edsicas de los participantes, de 23, 16 y ocho kil\u00f3metros, respectivamente, que partir\u00e1n desde la plaza Calder\u00f3n de la Barca.<\/p>\n<p>Durante el recorrido se podr\u00e1 contemplar el monumento funerario construido en 103 en honor al emperador Trajano, el castillo, fortaleza \u00e1rabe rehecha en \u00e9poca cristiana y que a\u00fan conserva la Torre Alta o del Homenaje, realizada en tiempos de Carlos I.<\/p>\n<p>En este castillo se edificar\u00eda el Palacio del \u00faltimo maestre de la Orden de Alc\u00e1ntara, Juan de Z\u00fa\u00f1iga, as\u00ed como la c\u00e9lebre Academia Literaria.<\/p>\n<p>Pero adem\u00e1s, los participantes podr\u00e1n contemplar durante el trayecto distintas escenas de la obra &#8220;El alcalde de Zalamea&#8221;, as\u00ed como recreaciones de oficios tradicionales.<\/p>\n<p>Seg\u00fan ha explicado el alcalde ilipense, &#8220;siempre se ha querido dotar de un gran peso cultural a esta prueba deportiva&#8221;.<\/p>\n<p>Fuente: EFE<\/p>\n<!-- AddThis Advanced Settings generic via filter on the_content --><!-- AddThis Share Buttons generic via filter on the_content -->","protected":false},"excerpt":{"rendered":"<p>La localidad pacense de Zalamea de La Serena organiza el pr\u00f3ximo 12 de marzo la cuarta edici\u00f3n de la &#8220;Ruta Senderista de los Tartesos&#8221;, que incluir\u00e1 distintas escenas de la obra &#8220;El alcalde de Zalamea&#8221; y recreaciones de oficios tradicionales. La ruta, incluida en el &#8220;Circuito Camina Extremadura&#8221;, es una oportunidad para ver el rico [&hellip;]<!-- AddThis Advanced Settings generic via filter on get_the_excerpt --><!-- AddThis Share Buttons generic via filter on get_the_excerpt --><\/p>\n","protected":false},"author":27,"featured_media":0,"comment_status":"open","ping_status":"closed","sticky":false,"template":"","format":"standard","meta":[],"categories":[3],"tags":[301,738,836,906,1115],"_links":{"self":[{"href":"https:\/\/blogs.hoy.es\/senderosextremadura\/wp-json\/wp\/v2\/posts\/3899"}],"collection":[{"href":"https:\/\/blogs.hoy.es\/senderosextremadura\/wp-json\/wp\/v2\/posts"}],"about":[{"href":"https:\/\/blogs.hoy.es\/senderosextremadura\/wp-json\/wp\/v2\/types\/post"}],"author":[{"embeddable":true,"href":"https:\/\/blogs.hoy.es\/senderosextremadura\/wp-json\/wp\/v2\/users\/27"}],"replies":[{"embeddable":true,"href":"https:\/\/blogs.hoy.es\/senderosextremadura\/wp-json\/wp\/v2\/comments?post=3899"}],"version-history":[{"count":0,"href":"https:\/\/blogs.hoy.es\/senderosextremadura\/wp-json\/wp\/v2\/posts\/3899\/revisions"}],"wp:attachment":[{"href":"https:\/\/blogs.hoy.es\/senderosextremadura\/wp-json\/wp\/v2\/media?parent=3899"}],"wp:term":[{"taxonomy":"category","embeddable":true,"href":"https:\/\/blogs.hoy.es\/senderosextremadura\/wp-json\/wp\/v2\/categories?post=3899"},{"taxonomy":"post_tag","embeddable":true,"href":"https:\/\/blogs.hoy.es\/senderosextremadura\/wp-json\/wp\/v2\/tags?post=3899"}],"curies":[{"name":"wp","href":"https:\/\/api.w.org\/{rel}","templated":true}]}}