{"id":3905,"date":"2017-03-08T18:36:19","date_gmt":"2017-03-08T18:36:19","guid":{"rendered":"http:\/\/blogs.hoy.es\/senderosextremadura\/?p=3905"},"modified":"2017-03-08T18:36:19","modified_gmt":"2017-03-08T18:36:19","slug":"la-ruta-de-los-segadores-recorre-42-kilometros-por-las-hurdes-y-salamanca","status":"publish","type":"post","link":"https:\/\/blogs.hoy.es\/senderosextremadura\/2017\/03\/08\/la-ruta-de-los-segadores-recorre-42-kilometros-por-las-hurdes-y-salamanca\/","title":{"rendered":"La Ruta de los Segadores recorre 42 kil\u00f3metros por las Hurdes y Salamanca"},"content":{"rendered":"<p><a href=\"https:\/\/blogs.hoy.es\/senderosextremadura\/\"><img loading=\"lazy\" class=\"aligncenter size-large wp-image-3906\" title=\"\" src=\"\/senderosextremadura\/wp-content\/uploads\/sites\/22\/2017\/03\/pena-francia.jpg\" alt=\"\" width=\"600\" height=\"328\" srcset=\"https:\/\/static-blogs.hoy.es\/wp-content\/uploads\/sites\/22\/2017\/03\/pena-francia.jpg 1280w, https:\/\/static-blogs.hoy.es\/wp-content\/uploads\/sites\/22\/2017\/03\/pena-francia-300x164.jpg 300w, https:\/\/static-blogs.hoy.es\/wp-content\/uploads\/sites\/22\/2017\/03\/pena-francia-768x420.jpg 768w, https:\/\/static-blogs.hoy.es\/wp-content\/uploads\/sites\/22\/2017\/03\/pena-francia-600x328.jpg 600w\" sizes=\"(max-width: 600px) 100vw, 600px\" \/><\/a><\/p>\n<p>EFE | La XV Ruta de los Segadores, con una distancia de 42 kil\u00f3metros incluye a parajes del norte de C\u00e1ceres como son las comarcas cacere\u00f1as de Tierras de Granadilla y Las Hurdes hasta la Pe\u00f1a de Francia, ya en Salamanca. Con esta Ruta se pretende, adem\u00e1s de promocionar la zona y el deporte y el turismo de naturaleza, hacer un homenaje a todos los extreme\u00f1os que marchaban a LOS campos salmantinos en la \u00e9poca de la siega.<\/p>\n<p>El alcalde de La Pesga, David Dom\u00ednguez y el diputado provincial de Turismo y Deporte de C\u00e1ceres, \u00c1lvaro S\u00e1nchez Cotrina, han presentado la nueva edici\u00f3n, que tendr\u00e1 lugar el d\u00eda 1 de abril. Dom\u00ednguez ha indicado que la ruta tiene una dificultad media-alta pero que a lo largo de todo el recorrido habr\u00e1 coches de apoyo y zonas de avituallamiento.<\/p>\n<p>La ruta dar\u00e1 comienzo en la localidad de La Pesga, una de las puertas de entrada a Las Hurdes, para seguir por el paseo fluvial acordonado por el r\u00edo de los \u00c1ngeles y, tras atravesar un paraje de olivares, llegar al municipio hurdano de Arrolobos, donde tendr\u00e1 lugar el primer avituallamiento.<\/p>\n<p>Despu\u00e9s de un recorrido de unos 15 kil\u00f3metros se har\u00e1 de nuevo una parada en Las Mestas para coger fuerzas y afrontar la parte m\u00e1s dura del recorrido, ha indicado el alcalde.<\/p>\n<p>Se pasar\u00e1 por el Parque Natural Las Batuecas-Sierra de Francia, ya en la provincia de Salamanca, hasta llegar a Portillo y comenzar la ascensi\u00f3n a la Pe\u00f1a de Francia. Dom\u00ednguez ha animado a las personas a inscribirse antes del pr\u00f3ximo d\u00eda 29 y ha manifestado que &#8220;pese a la dificultad que parece entra\u00f1ar, la mayor\u00eda de los participantes culminan la ruta&#8221;.<\/p>\n<p>Por su parte, el diputado de Turismo ha destacado que en esta actividad mezclan naturaleza, deporte y turismo, y que ha sido subvencionada por la Diputaci\u00f3n con mil euros dentro del Plan Activa Deporte.<\/p>\n<p>La uni\u00f3n de turismo y deporte, ha dicho, es uno de los ejes en los que trabaja la Instituci\u00f3n Provincial y va a ser uno de los atractivos que presentar\u00e1n en La Bolsa de Berl\u00edn, en la que Diputaci\u00f3n estar\u00e1 presente a partir de ma\u00f1ana jueves y hasta el pr\u00f3ximo domingo, d\u00eda 12.<\/p>\n<p>S\u00e1nchez Cotrina ha destacado la participaci\u00f3n de las mujeres en esta serie de eventos y ha aprovechado la celebraci\u00f3n del D\u00eda Internacional de la Mujer, hoy 8 de marzo, para reivindicar su papel en el desarrollo de la sociedad.<\/p>\n<p>&nbsp;<\/p>\n<!-- AddThis Advanced Settings generic via filter on the_content --><!-- AddThis Share Buttons generic via filter on the_content -->","protected":false},"excerpt":{"rendered":"<p>EFE | La XV Ruta de los Segadores, con una distancia de 42 kil\u00f3metros incluye a parajes del norte de C\u00e1ceres como son las comarcas cacere\u00f1as de Tierras de Granadilla y Las Hurdes hasta la Pe\u00f1a de Francia, ya en Salamanca. Con esta Ruta se pretende, adem\u00e1s de promocionar la zona y el deporte y [&hellip;]<!-- AddThis Advanced Settings generic via filter on get_the_excerpt --><!-- AddThis Share Buttons generic via filter on get_the_excerpt --><\/p>\n","protected":false},"author":27,"featured_media":0,"comment_status":"open","ping_status":"closed","sticky":false,"template":"","format":"standard","meta":[],"categories":[3],"tags":[398,1123,836,879],"_links":{"self":[{"href":"https:\/\/blogs.hoy.es\/senderosextremadura\/wp-json\/wp\/v2\/posts\/3905"}],"collection":[{"href":"https:\/\/blogs.hoy.es\/senderosextremadura\/wp-json\/wp\/v2\/posts"}],"about":[{"href":"https:\/\/blogs.hoy.es\/senderosextremadura\/wp-json\/wp\/v2\/types\/post"}],"author":[{"embeddable":true,"href":"https:\/\/blogs.hoy.es\/senderosextremadura\/wp-json\/wp\/v2\/users\/27"}],"replies":[{"embeddable":true,"href":"https:\/\/blogs.hoy.es\/senderosextremadura\/wp-json\/wp\/v2\/comments?post=3905"}],"version-history":[{"count":0,"href":"https:\/\/blogs.hoy.es\/senderosextremadura\/wp-json\/wp\/v2\/posts\/3905\/revisions"}],"wp:attachment":[{"href":"https:\/\/blogs.hoy.es\/senderosextremadura\/wp-json\/wp\/v2\/media?parent=3905"}],"wp:term":[{"taxonomy":"category","embeddable":true,"href":"https:\/\/blogs.hoy.es\/senderosextremadura\/wp-json\/wp\/v2\/categories?post=3905"},{"taxonomy":"post_tag","embeddable":true,"href":"https:\/\/blogs.hoy.es\/senderosextremadura\/wp-json\/wp\/v2\/tags?post=3905"}],"curies":[{"name":"wp","href":"https:\/\/api.w.org\/{rel}","templated":true}]}}