{"id":3914,"date":"2017-03-09T22:23:32","date_gmt":"2017-03-09T22:23:32","guid":{"rendered":"http:\/\/blogs.hoy.es\/senderosextremadura\/?p=3914"},"modified":"2017-03-09T22:23:32","modified_gmt":"2017-03-09T22:23:32","slug":"caminata-entre-frutales-en-flor-12-de-marzo","status":"publish","type":"post","link":"https:\/\/blogs.hoy.es\/senderosextremadura\/2017\/03\/09\/caminata-entre-frutales-en-flor-12-de-marzo\/","title":{"rendered":"Caminata entre frutales en flor (12 de marzo)"},"content":{"rendered":"<p><a href=\"https:\/\/blogs.hoy.es\/senderosextremadura\/\"><img loading=\"lazy\" class=\"aligncenter size-large wp-image-3915\" title=\"\" src=\"\/senderosextremadura\/wp-content\/uploads\/sites\/22\/2017\/03\/valdelacalzada.jpg\" alt=\"\" width=\"600\" height=\"363\" srcset=\"https:\/\/static-blogs.hoy.es\/wp-content\/uploads\/sites\/22\/2017\/03\/valdelacalzada.jpg 660w, https:\/\/static-blogs.hoy.es\/wp-content\/uploads\/sites\/22\/2017\/03\/valdelacalzada-300x182.jpg 300w, https:\/\/static-blogs.hoy.es\/wp-content\/uploads\/sites\/22\/2017\/03\/valdelacalzada-600x364.jpg 600w\" sizes=\"(max-width: 600px) 100vw, 600px\" \/><\/a><\/p>\n<p>Valdelacalzada\u00a0festeja durante un mes la floraci\u00f3n de sus \u00e1rboles frutales.\u00a0Esta localidad pacense viste sus mejores galas durante estos d\u00edas, en los que calles y fachadas se engalanan con flores de pl\u00e1stico reciclado, hechas a mano. Dentro de la programaci\u00f3n de la\u00a0XIV edici\u00f3n de Valdelacalzada en Flor,\u00a0la localidad celebrar\u00e1\u00a0este domingo\u00a0<a href=\"http:\/\/www.hoy.es\/planes\/201703\/08\/ruta-senderista-feria-tapa-20170308193621.html\" rel=\"external nofollow\">una ruta senderista y feria de la tapa.<!--more--><\/a><\/p>\n<p>El itinerario se desarrollar\u00e1 por un entorno privilegiado, donde la floraci\u00f3n de los frutales traer\u00e1 el esperado olor a primavera.<\/p>\n<p>Tras la finalizaci\u00f3n de la misma, los vecinos y visitantes podr\u00e1n degustar las tapas que expondr\u00e1n los distintos establecimientos de la localidad. El precio de la tapa m\u00e1s cerveza es de 2,5 euros. Adem\u00e1s, los participantes podr\u00e1n entrar en el sorteo de una cena para dos personas si se se completa la ruta en, al menos, seis bares.<\/p>\n<!-- AddThis Advanced Settings generic via filter on the_content --><!-- AddThis Share Buttons generic via filter on the_content -->","protected":false},"excerpt":{"rendered":"<p>Valdelacalzada\u00a0festeja durante un mes la floraci\u00f3n de sus \u00e1rboles frutales.\u00a0Esta localidad pacense viste sus mejores galas durante estos d\u00edas, en los que calles y fachadas se engalanan con flores de pl\u00e1stico reciclado, hechas a mano. Dentro de la programaci\u00f3n de la\u00a0XIV edici\u00f3n de Valdelacalzada en Flor,\u00a0la localidad celebrar\u00e1\u00a0este domingo\u00a0una ruta senderista y feria de la [&hellip;]<!-- AddThis Advanced Settings generic via filter on get_the_excerpt --><!-- AddThis Share Buttons generic via filter on get_the_excerpt --><\/p>\n","protected":false},"author":27,"featured_media":0,"comment_status":"open","ping_status":"closed","sticky":false,"template":"","format":"standard","meta":[],"categories":[3],"tags":[836,906,1051],"_links":{"self":[{"href":"https:\/\/blogs.hoy.es\/senderosextremadura\/wp-json\/wp\/v2\/posts\/3914"}],"collection":[{"href":"https:\/\/blogs.hoy.es\/senderosextremadura\/wp-json\/wp\/v2\/posts"}],"about":[{"href":"https:\/\/blogs.hoy.es\/senderosextremadura\/wp-json\/wp\/v2\/types\/post"}],"author":[{"embeddable":true,"href":"https:\/\/blogs.hoy.es\/senderosextremadura\/wp-json\/wp\/v2\/users\/27"}],"replies":[{"embeddable":true,"href":"https:\/\/blogs.hoy.es\/senderosextremadura\/wp-json\/wp\/v2\/comments?post=3914"}],"version-history":[{"count":0,"href":"https:\/\/blogs.hoy.es\/senderosextremadura\/wp-json\/wp\/v2\/posts\/3914\/revisions"}],"wp:attachment":[{"href":"https:\/\/blogs.hoy.es\/senderosextremadura\/wp-json\/wp\/v2\/media?parent=3914"}],"wp:term":[{"taxonomy":"category","embeddable":true,"href":"https:\/\/blogs.hoy.es\/senderosextremadura\/wp-json\/wp\/v2\/categories?post=3914"},{"taxonomy":"post_tag","embeddable":true,"href":"https:\/\/blogs.hoy.es\/senderosextremadura\/wp-json\/wp\/v2\/tags?post=3914"}],"curies":[{"name":"wp","href":"https:\/\/api.w.org\/{rel}","templated":true}]}}