{"id":3918,"date":"2017-03-13T18:58:49","date_gmt":"2017-03-13T18:58:49","guid":{"rendered":"http:\/\/blogs.hoy.es\/senderosextremadura\/?p=3918"},"modified":"2017-03-13T18:58:49","modified_gmt":"2017-03-13T18:58:49","slug":"las-hurdes-acogen-la-ruta-de-alfonso-xiii-el-26-de-marzo","status":"publish","type":"post","link":"https:\/\/blogs.hoy.es\/senderosextremadura\/2017\/03\/13\/las-hurdes-acogen-la-ruta-de-alfonso-xiii-el-26-de-marzo\/","title":{"rendered":"Las Hurdes celebra la Ruta de Alfonso XIII el 26 de marzo"},"content":{"rendered":"<p><a href=\"https:\/\/blogs.hoy.es\/senderosextremadura\/\"><img loading=\"lazy\" class=\"aligncenter size-large wp-image-3919\" title=\"\" src=\"\/senderosextremadura\/wp-content\/uploads\/sites\/22\/2017\/03\/senderos.jpg\" alt=\"\" width=\"600\" height=\"278\" srcset=\"https:\/\/static-blogs.hoy.es\/wp-content\/uploads\/sites\/22\/2017\/03\/senderos.jpg 647w, https:\/\/static-blogs.hoy.es\/wp-content\/uploads\/sites\/22\/2017\/03\/senderos-300x139.jpg 300w, https:\/\/static-blogs.hoy.es\/wp-content\/uploads\/sites\/22\/2017\/03\/senderos-600x278.jpg 600w\" sizes=\"(max-width: 600px) 100vw, 600px\" \/><\/a><\/p>\n<p>La comarca de Las Hurdes acoge el pr\u00f3ximo 26 de marzo la <strong>Ruta Senderista de Alfonso XIII<\/strong>. Incluida en el Circuito Camina Extremadura 2017, es una marcha lineal que comienza en Casares de Las Hurdes y termina en Las Mestas (alquer\u00eda de Ladrillar). Por lo que al finalizar la marcha los senderistas ser\u00e1n trasladados en autobuses hasta Casares de Las Hurdes para recoger sus veh\u00edculos. Se trata de un recorrido\u00a0de 22 km, de dificultad media-alta, debido a que en algunos tramos el terreno es abrupto.\u00a0all\u00ed nos espera la zona m\u00e1s dura hasta subir el puerto del Carrascal, llegando al mirador de las Carrasca<!--more--><\/p>\n<p>Esta ruta est\u00e1 organizada por la asociaci\u00f3n de senderismo \u201cVereas Hurdanos\u201d de Caminomorisco junto al Ayuntamiento de Casares de las Hurdes y la colaboraci\u00f3n del Ayuntamiento de Ladrillar.<\/p>\n<p>El plazo de inscripci\u00f3n finaliza el d\u00eda 22 de marzo.<\/p>\n<p>Esta actividad se publicita adem\u00e1s de en espa\u00f1ol, en ingl\u00e9s y portugu\u00e9s con el objetivo de atraer a senderistas extranjeros. Para ello se han editado d\u00edpticos informativos en esas lenguas. Toda la informaci\u00f3n y las inscripciones en <a href=\"http:\/\/www.rutaalfonsoxiii.com\/\" rel=\"external nofollow\">www.rutaalfonsoxiii.com<\/a><\/p>\n<!-- AddThis Advanced Settings generic via filter on the_content --><!-- AddThis Share Buttons generic via filter on the_content -->","protected":false},"excerpt":{"rendered":"<p>La comarca de Las Hurdes acoge el pr\u00f3ximo 26 de marzo la Ruta Senderista de Alfonso XIII. Incluida en el Circuito Camina Extremadura 2017, es una marcha lineal que comienza en Casares de Las Hurdes y termina en Las Mestas (alquer\u00eda de Ladrillar). Por lo que al finalizar la marcha los senderistas ser\u00e1n trasladados en [&hellip;]<!-- AddThis Advanced Settings generic via filter on get_the_excerpt --><!-- AddThis Share Buttons generic via filter on get_the_excerpt --><\/p>\n","protected":false},"author":27,"featured_media":0,"comment_status":"open","ping_status":"closed","sticky":false,"template":"","format":"standard","meta":[],"categories":[3],"tags":[398,438,1122,836,906],"_links":{"self":[{"href":"https:\/\/blogs.hoy.es\/senderosextremadura\/wp-json\/wp\/v2\/posts\/3918"}],"collection":[{"href":"https:\/\/blogs.hoy.es\/senderosextremadura\/wp-json\/wp\/v2\/posts"}],"about":[{"href":"https:\/\/blogs.hoy.es\/senderosextremadura\/wp-json\/wp\/v2\/types\/post"}],"author":[{"embeddable":true,"href":"https:\/\/blogs.hoy.es\/senderosextremadura\/wp-json\/wp\/v2\/users\/27"}],"replies":[{"embeddable":true,"href":"https:\/\/blogs.hoy.es\/senderosextremadura\/wp-json\/wp\/v2\/comments?post=3918"}],"version-history":[{"count":0,"href":"https:\/\/blogs.hoy.es\/senderosextremadura\/wp-json\/wp\/v2\/posts\/3918\/revisions"}],"wp:attachment":[{"href":"https:\/\/blogs.hoy.es\/senderosextremadura\/wp-json\/wp\/v2\/media?parent=3918"}],"wp:term":[{"taxonomy":"category","embeddable":true,"href":"https:\/\/blogs.hoy.es\/senderosextremadura\/wp-json\/wp\/v2\/categories?post=3918"},{"taxonomy":"post_tag","embeddable":true,"href":"https:\/\/blogs.hoy.es\/senderosextremadura\/wp-json\/wp\/v2\/tags?post=3918"}],"curies":[{"name":"wp","href":"https:\/\/api.w.org\/{rel}","templated":true}]}}