{"id":3921,"date":"2017-03-14T21:42:19","date_gmt":"2017-03-14T21:42:19","guid":{"rendered":"http:\/\/blogs.hoy.es\/senderosextremadura\/?p=3921"},"modified":"2017-03-14T21:42:19","modified_gmt":"2017-03-14T21:42:19","slug":"este-domingo-ruta-de-los-terminos-en-valverde-de-merida","status":"publish","type":"post","link":"https:\/\/blogs.hoy.es\/senderosextremadura\/2017\/03\/14\/este-domingo-ruta-de-los-terminos-en-valverde-de-merida\/","title":{"rendered":"Este domingo, ruta de Los T\u00e9rminos en Valverde de M\u00e9rida"},"content":{"rendered":"<p>Valverde de M\u00e9rida acoge este domingo 19 de marzo la <strong><a href=\"https:\/\/docs.google.com\/forms\/d\/e\/1FAIpQLSe1LLJNyP5Fi5URXtvXkwLGfS5tnICEt_TZFHal_tCm2ufJRg\/viewform\" target=\"_blank\">ruta senderista de Los T\u00e9rminos<\/a><\/strong>. La marcha de 18 kil\u00f3metros ha sido organizada por el <strong>Club Senderista Cuatro Cerros<\/strong>. Se trata de un recorrido de dificultad baja, accesible incluso para aquellas personas que no practican habitualmente el senderismo, indican desde la organizaci\u00f3n. \u00a0Los caminantes saldr\u00e1n a las nueve de la ma\u00f1ana desde la Plaza de Espa\u00f1a de la localidad pacense. El coste de la actividad es de tres euros que habr\u00e1 que ingresar en una cuenta de Banca Pueyo. Las personas interesadas pueden contactar con la organizaci\u00f3n en el <a href=\"https:\/\/www.facebook.com\/Club-de-senderismo-cuatro-cerros-639723596048929\/\" target=\"_blank\" rel=\"external nofollow\">perfil de Facebook del club<\/a> o en el m\u00f3vil 652554458.<\/p>\n<p><img loading=\"lazy\" class=\"aligncenter size-large wp-image-3922\" title=\"\" src=\"\/senderosextremadura\/wp-content\/uploads\/sites\/22\/2017\/03\/cuatro-cerros.jpg\" alt=\"\" width=\"600\" height=\"800\" srcset=\"https:\/\/static-blogs.hoy.es\/wp-content\/uploads\/sites\/22\/2017\/03\/cuatro-cerros.jpg 720w, https:\/\/static-blogs.hoy.es\/wp-content\/uploads\/sites\/22\/2017\/03\/cuatro-cerros-225x300.jpg 225w, https:\/\/static-blogs.hoy.es\/wp-content\/uploads\/sites\/22\/2017\/03\/cuatro-cerros-600x800.jpg 600w\" sizes=\"(max-width: 600px) 100vw, 600px\" \/><\/p>\n<!-- AddThis Advanced Settings generic via filter on the_content --><!-- AddThis Share Buttons generic via filter on the_content -->","protected":false},"excerpt":{"rendered":"<p>Valverde de M\u00e9rida acoge este domingo 19 de marzo la ruta senderista de Los T\u00e9rminos. La marcha de 18 kil\u00f3metros ha sido organizada por el Club Senderista Cuatro Cerros. Se trata de un recorrido de dificultad baja, accesible incluso para aquellas personas que no practican habitualmente el senderismo, indican desde la organizaci\u00f3n. \u00a0Los caminantes saldr\u00e1n [&hellip;]<!-- AddThis Advanced Settings generic via filter on get_the_excerpt --><!-- AddThis Share Buttons generic via filter on get_the_excerpt --><\/p>\n","protected":false},"author":27,"featured_media":0,"comment_status":"open","ping_status":"closed","sticky":false,"template":"","format":"standard","meta":[],"categories":[3],"tags":[784,1068],"_links":{"self":[{"href":"https:\/\/blogs.hoy.es\/senderosextremadura\/wp-json\/wp\/v2\/posts\/3921"}],"collection":[{"href":"https:\/\/blogs.hoy.es\/senderosextremadura\/wp-json\/wp\/v2\/posts"}],"about":[{"href":"https:\/\/blogs.hoy.es\/senderosextremadura\/wp-json\/wp\/v2\/types\/post"}],"author":[{"embeddable":true,"href":"https:\/\/blogs.hoy.es\/senderosextremadura\/wp-json\/wp\/v2\/users\/27"}],"replies":[{"embeddable":true,"href":"https:\/\/blogs.hoy.es\/senderosextremadura\/wp-json\/wp\/v2\/comments?post=3921"}],"version-history":[{"count":0,"href":"https:\/\/blogs.hoy.es\/senderosextremadura\/wp-json\/wp\/v2\/posts\/3921\/revisions"}],"wp:attachment":[{"href":"https:\/\/blogs.hoy.es\/senderosextremadura\/wp-json\/wp\/v2\/media?parent=3921"}],"wp:term":[{"taxonomy":"category","embeddable":true,"href":"https:\/\/blogs.hoy.es\/senderosextremadura\/wp-json\/wp\/v2\/categories?post=3921"},{"taxonomy":"post_tag","embeddable":true,"href":"https:\/\/blogs.hoy.es\/senderosextremadura\/wp-json\/wp\/v2\/tags?post=3921"}],"curies":[{"name":"wp","href":"https:\/\/api.w.org\/{rel}","templated":true}]}}