{"id":3928,"date":"2017-03-23T10:32:55","date_gmt":"2017-03-23T10:32:55","guid":{"rendered":"http:\/\/blogs.hoy.es\/senderosextremadura\/?p=3928"},"modified":"2017-03-23T10:32:55","modified_gmt":"2017-03-23T10:32:55","slug":"ix-ruta-por-la-sierra-de-sal-cristobal-2-de-abril","status":"publish","type":"post","link":"https:\/\/blogs.hoy.es\/senderosextremadura\/2017\/03\/23\/ix-ruta-por-la-sierra-de-sal-cristobal-2-de-abril\/","title":{"rendered":"IX Ruta por la Sierra de Sal Crist\u00f3bal (2 de abril)"},"content":{"rendered":"<p>La asociaci\u00f3n senderista Almojar\u00edn ha organizado para el pr\u00f3ximo domingo 2 de abril una ruta por la Sierra de San Crist\u00f3bal. La marcha recorrer\u00e1 18 kil\u00f3metros de dificultad media-alta. Habr\u00e1 una opci\u00f3n m\u00e1s f\u00e1cil de diez kil\u00f3metros. Los caminantes saldr\u00e1n a las 9.15 de la ma\u00f1ana desde la Plaza de Espa\u00f1a. La inscripci\u00f3n cuesta dos euros y puede realizarse hasta el 29 de marzo.\u00a0<!--more--><\/p>\n<p><a href=\"https:\/\/blogs.hoy.es\/senderosextremadura\/\"><img loading=\"lazy\" class=\"aligncenter size-large wp-image-3929\" title=\"\" src=\"\/senderosextremadura\/wp-content\/uploads\/sites\/22\/2017\/03\/san-cristobal.jpg\" alt=\"\" width=\"600\" height=\"399\" srcset=\"https:\/\/static-blogs.hoy.es\/wp-content\/uploads\/sites\/22\/2017\/03\/san-cristobal.jpg 1269w, https:\/\/static-blogs.hoy.es\/wp-content\/uploads\/sites\/22\/2017\/03\/san-cristobal-300x200.jpg 300w, https:\/\/static-blogs.hoy.es\/wp-content\/uploads\/sites\/22\/2017\/03\/san-cristobal-768x511.jpg 768w, https:\/\/static-blogs.hoy.es\/wp-content\/uploads\/sites\/22\/2017\/03\/san-cristobal-600x400.jpg 600w\" sizes=\"(max-width: 600px) 100vw, 600px\" \/><\/a><\/p>\n<p>&nbsp;<\/p>\n<p>&nbsp;<\/p>\n<p>&nbsp;<\/p>\n<!-- AddThis Advanced Settings generic via filter on the_content --><!-- AddThis Share Buttons generic via filter on the_content -->","protected":false},"excerpt":{"rendered":"<p>La asociaci\u00f3n senderista Almojar\u00edn ha organizado para el pr\u00f3ximo domingo 2 de abril una ruta por la Sierra de San Crist\u00f3bal. La marcha recorrer\u00e1 18 kil\u00f3metros de dificultad media-alta. Habr\u00e1 una opci\u00f3n m\u00e1s f\u00e1cil de diez kil\u00f3metros. Los caminantes saldr\u00e1n a las 9.15 de la ma\u00f1ana desde la Plaza de Espa\u00f1a. La inscripci\u00f3n cuesta dos [&hellip;]<!-- AddThis Advanced Settings generic via filter on get_the_excerpt --><!-- AddThis Share Buttons generic via filter on get_the_excerpt --><\/p>\n","protected":false},"author":27,"featured_media":0,"comment_status":"open","ping_status":"closed","sticky":false,"template":"","format":"standard","meta":[],"categories":[3],"tags":[],"_links":{"self":[{"href":"https:\/\/blogs.hoy.es\/senderosextremadura\/wp-json\/wp\/v2\/posts\/3928"}],"collection":[{"href":"https:\/\/blogs.hoy.es\/senderosextremadura\/wp-json\/wp\/v2\/posts"}],"about":[{"href":"https:\/\/blogs.hoy.es\/senderosextremadura\/wp-json\/wp\/v2\/types\/post"}],"author":[{"embeddable":true,"href":"https:\/\/blogs.hoy.es\/senderosextremadura\/wp-json\/wp\/v2\/users\/27"}],"replies":[{"embeddable":true,"href":"https:\/\/blogs.hoy.es\/senderosextremadura\/wp-json\/wp\/v2\/comments?post=3928"}],"version-history":[{"count":0,"href":"https:\/\/blogs.hoy.es\/senderosextremadura\/wp-json\/wp\/v2\/posts\/3928\/revisions"}],"wp:attachment":[{"href":"https:\/\/blogs.hoy.es\/senderosextremadura\/wp-json\/wp\/v2\/media?parent=3928"}],"wp:term":[{"taxonomy":"category","embeddable":true,"href":"https:\/\/blogs.hoy.es\/senderosextremadura\/wp-json\/wp\/v2\/categories?post=3928"},{"taxonomy":"post_tag","embeddable":true,"href":"https:\/\/blogs.hoy.es\/senderosextremadura\/wp-json\/wp\/v2\/tags?post=3928"}],"curies":[{"name":"wp","href":"https:\/\/api.w.org\/{rel}","templated":true}]}}