{"id":3934,"date":"2017-03-27T16:53:46","date_gmt":"2017-03-27T16:53:46","guid":{"rendered":"http:\/\/blogs.hoy.es\/senderosextremadura\/?p=3934"},"modified":"2017-03-27T16:53:46","modified_gmt":"2017-03-27T16:53:46","slug":"de-piornal-a-las-nogaledas-un-domingo-de-primavera-9-de-abril","status":"publish","type":"post","link":"https:\/\/blogs.hoy.es\/senderosextremadura\/2017\/03\/27\/de-piornal-a-las-nogaledas-un-domingo-de-primavera-9-de-abril\/","title":{"rendered":"De Piornal a las Nogaledas, un domingo de primavera (9 de abril)"},"content":{"rendered":"<p><a href=\"https:\/\/blogs.hoy.es\/senderosextremadura\/\"><img loading=\"lazy\" class=\"aligncenter size-large wp-image-3935\" title=\"\" src=\"\/senderosextremadura\/wp-content\/uploads\/sites\/22\/2017\/03\/ruta-nogaledas.jpg\" alt=\"\" width=\"600\" height=\"390\" srcset=\"https:\/\/static-blogs.hoy.es\/wp-content\/uploads\/sites\/22\/2017\/03\/ruta-nogaledas.jpg 638w, https:\/\/static-blogs.hoy.es\/wp-content\/uploads\/sites\/22\/2017\/03\/ruta-nogaledas-300x195.jpg 300w, https:\/\/static-blogs.hoy.es\/wp-content\/uploads\/sites\/22\/2017\/03\/ruta-nogaledas-600x390.jpg 600w\" sizes=\"(max-width: 600px) 100vw, 600px\" \/><\/a><\/p>\n<p>El Departamento de Deportes del Ayuntamiento de Coria ha programado para el mes de abril una bonita <strong>marcha primaveral por el Valle del Jerte<\/strong>. La ruta, de unos 16 kil\u00f3metros, se celebrar\u00e1 el <strong>domingo 9 de abril<\/strong> y partir\u00e1 desde Piornal para finalizar en la garganta de Las Nogaledas, en la localidad de Navaconcejo. Tendr\u00e1 una duraci\u00f3n aproximada de 4.5 horas.<!--more--><br \/>\nLos participantes saldr\u00e1n a las ocho de la ma\u00f1ana desde la Casa de Cultura de Coria.<br \/>\nToda la informaci\u00f3n y procedimientos de inscripci\u00f3n puede consultarse en \u00a0<a href=\"https:\/\/drive.google.com\/file\/d\/0B0h9pIu1m4lhRlZ3WEZmNUxiQ1k\/view\" target=\"_blank\">http:\/\/deportescoria.blogspot.com.<\/a><\/p>\n<!-- AddThis Advanced Settings generic via filter on the_content --><!-- AddThis Share Buttons generic via filter on the_content -->","protected":false},"excerpt":{"rendered":"<p>El Departamento de Deportes del Ayuntamiento de Coria ha programado para el mes de abril una bonita marcha primaveral por el Valle del Jerte. La ruta, de unos 16 kil\u00f3metros, se celebrar\u00e1 el domingo 9 de abril y partir\u00e1 desde Piornal para finalizar en la garganta de Las Nogaledas, en la localidad de Navaconcejo. Tendr\u00e1 [&hellip;]<!-- AddThis Advanced Settings generic via filter on get_the_excerpt --><!-- AddThis Share Buttons generic via filter on get_the_excerpt --><\/p>\n","protected":false},"author":27,"featured_media":0,"comment_status":"open","ping_status":"closed","sticky":false,"template":"","format":"standard","meta":[],"categories":[3],"tags":[239,555,636,836,873,1063],"_links":{"self":[{"href":"https:\/\/blogs.hoy.es\/senderosextremadura\/wp-json\/wp\/v2\/posts\/3934"}],"collection":[{"href":"https:\/\/blogs.hoy.es\/senderosextremadura\/wp-json\/wp\/v2\/posts"}],"about":[{"href":"https:\/\/blogs.hoy.es\/senderosextremadura\/wp-json\/wp\/v2\/types\/post"}],"author":[{"embeddable":true,"href":"https:\/\/blogs.hoy.es\/senderosextremadura\/wp-json\/wp\/v2\/users\/27"}],"replies":[{"embeddable":true,"href":"https:\/\/blogs.hoy.es\/senderosextremadura\/wp-json\/wp\/v2\/comments?post=3934"}],"version-history":[{"count":0,"href":"https:\/\/blogs.hoy.es\/senderosextremadura\/wp-json\/wp\/v2\/posts\/3934\/revisions"}],"wp:attachment":[{"href":"https:\/\/blogs.hoy.es\/senderosextremadura\/wp-json\/wp\/v2\/media?parent=3934"}],"wp:term":[{"taxonomy":"category","embeddable":true,"href":"https:\/\/blogs.hoy.es\/senderosextremadura\/wp-json\/wp\/v2\/categories?post=3934"},{"taxonomy":"post_tag","embeddable":true,"href":"https:\/\/blogs.hoy.es\/senderosextremadura\/wp-json\/wp\/v2\/tags?post=3934"}],"curies":[{"name":"wp","href":"https:\/\/api.w.org\/{rel}","templated":true}]}}