{"id":3937,"date":"2017-03-27T18:34:13","date_gmt":"2017-03-27T18:34:13","guid":{"rendered":"http:\/\/blogs.hoy.es\/senderosextremadura\/?p=3937"},"modified":"2017-03-27T18:34:13","modified_gmt":"2017-03-27T18:34:13","slug":"dos-rutas-para-disfrutar-del-paisaje-florecido-del-jerte","status":"publish","type":"post","link":"https:\/\/blogs.hoy.es\/senderosextremadura\/2017\/03\/27\/dos-rutas-para-disfrutar-del-paisaje-florecido-del-jerte\/","title":{"rendered":"Dos rutas para disfrutar del s\u00e1bado caminando entre cerezos florecidos"},"content":{"rendered":"<p><a href=\"https:\/\/blogs.hoy.es\/senderosextremadura\/2017\/03\/27\/dos-rutas-para-disfrutar-del-paisaje-florecido-del-jerte\/2-fiestas-cerezo-en-flor-valle-jerte-2015-189_edited\/\" rel=\"attachment wp-att-3939\"><img loading=\"lazy\" class=\"aligncenter size-large wp-image-3939\" title=\"2-FIESTAS-CEREZO-EN-FLOR-Valle-Jerte-2015-189_edited\" src=\"\/senderosextremadura\/wp-content\/uploads\/sites\/22\/2017\/03\/2-FIESTAS-CEREZO-EN-FLOR-Valle-Jerte-2015-189_edited.jpg\" alt=\"\" width=\"600\" height=\"398\" srcset=\"https:\/\/static-blogs.hoy.es\/wp-content\/uploads\/sites\/22\/2017\/03\/2-FIESTAS-CEREZO-EN-FLOR-Valle-Jerte-2015-189_edited.jpg 797w, https:\/\/static-blogs.hoy.es\/wp-content\/uploads\/sites\/22\/2017\/03\/2-FIESTAS-CEREZO-EN-FLOR-Valle-Jerte-2015-189_edited-300x199.jpg 300w, https:\/\/static-blogs.hoy.es\/wp-content\/uploads\/sites\/22\/2017\/03\/2-FIESTAS-CEREZO-EN-FLOR-Valle-Jerte-2015-189_edited-768x511.jpg 768w, https:\/\/static-blogs.hoy.es\/wp-content\/uploads\/sites\/22\/2017\/03\/2-FIESTAS-CEREZO-EN-FLOR-Valle-Jerte-2015-189_edited-600x399.jpg 600w\" sizes=\"(max-width: 600px) 100vw, 600px\" \/><\/a><\/p>\n<p>Entre un espeso bosque de verdes robles, nogales y cerezos, discurre una ruta formada sobre pronunciadas estribaciones de la Sierra de Gredos. El agua de la <strong>chorrera de Las Nogaledas<\/strong> brota en esta \u00e9poca del a\u00f1o cristalina y salvaje. Es precisamente aqu\u00ed donde se desplazar\u00e1n este fin de semana varios grupos senderistas que esperan contemplar la floraci\u00f3n del cerezo.<\/p>\n<p><strong>ZonaViaje<\/strong> ha programado para este s\u00e1bado 1 de abril una ruta para disfrutar de esta espectacular estampa, la que muestra estos d\u00edas la conjunci\u00f3n de las gargantas del Valle del Jerte y sus cerezos florecidos. En este caso habr\u00e1 salidas en autob\u00fas desde Badajoz, M\u00e9rida y C\u00e1ceres. Se trata de un recorrido por parajes de Navaconcejo y se han programado dos alternativas, una corta, de 10 kil\u00f3metros, y otra larga, de 17. Las inscripciones pueden <a href=\"http:\/\/www.reunalia.com\/v03\/inscripciones\/inscripcion_paso2.aspx?Evento=97DE7BD996CEE6C1&#038;Plaza=9953&#038;PlazaTarifa=97277&#038;if=&#038;c=\" target=\"_blank\" rel=\"external nofollow\">cumplimentarse de este link\u00a0<\/a>.<\/p>\n<p><!--more--><\/p>\n<p>Para el mismo s\u00e1bado, y dentro del programa oficial de la <strong>Fiesta del Cerezo en Flor<\/strong>, se ha organizado otra marcha que descubre los encantos de la cascada de Las Nogaledas. Los participantes saldr\u00e1n desde la Cruz del Llano de Navaconcejo a las 10:30 h. La marcha circular tiene una dificultad media. \u00a0Para m\u00e1s informaci\u00f3n e inscripciones se puede llamar al tel\u00e9fono 927173653.<\/p>\n<!-- AddThis Advanced Settings generic via filter on the_content --><!-- AddThis Share Buttons generic via filter on the_content -->","protected":false},"excerpt":{"rendered":"<p>Entre un espeso bosque de verdes robles, nogales y cerezos, discurre una ruta formada sobre pronunciadas estribaciones de la Sierra de Gredos. El agua de la chorrera de Las Nogaledas brota en esta \u00e9poca del a\u00f1o cristalina y salvaje. Es precisamente aqu\u00ed donde se desplazar\u00e1n este fin de semana varios grupos senderistas que esperan contemplar [&hellip;]<!-- AddThis Advanced Settings generic via filter on get_the_excerpt --><!-- AddThis Share Buttons generic via filter on get_the_excerpt --><\/p>\n","protected":false},"author":27,"featured_media":0,"comment_status":"open","ping_status":"closed","sticky":false,"template":"","format":"standard","meta":[],"categories":[3],"tags":[1121,555,836,906,1063],"_links":{"self":[{"href":"https:\/\/blogs.hoy.es\/senderosextremadura\/wp-json\/wp\/v2\/posts\/3937"}],"collection":[{"href":"https:\/\/blogs.hoy.es\/senderosextremadura\/wp-json\/wp\/v2\/posts"}],"about":[{"href":"https:\/\/blogs.hoy.es\/senderosextremadura\/wp-json\/wp\/v2\/types\/post"}],"author":[{"embeddable":true,"href":"https:\/\/blogs.hoy.es\/senderosextremadura\/wp-json\/wp\/v2\/users\/27"}],"replies":[{"embeddable":true,"href":"https:\/\/blogs.hoy.es\/senderosextremadura\/wp-json\/wp\/v2\/comments?post=3937"}],"version-history":[{"count":0,"href":"https:\/\/blogs.hoy.es\/senderosextremadura\/wp-json\/wp\/v2\/posts\/3937\/revisions"}],"wp:attachment":[{"href":"https:\/\/blogs.hoy.es\/senderosextremadura\/wp-json\/wp\/v2\/media?parent=3937"}],"wp:term":[{"taxonomy":"category","embeddable":true,"href":"https:\/\/blogs.hoy.es\/senderosextremadura\/wp-json\/wp\/v2\/categories?post=3937"},{"taxonomy":"post_tag","embeddable":true,"href":"https:\/\/blogs.hoy.es\/senderosextremadura\/wp-json\/wp\/v2\/tags?post=3937"}],"curies":[{"name":"wp","href":"https:\/\/api.w.org\/{rel}","templated":true}]}}