{"id":3940,"date":"2017-03-28T19:11:53","date_gmt":"2017-03-28T19:11:53","guid":{"rendered":"http:\/\/blogs.hoy.es\/senderosextremadura\/?p=3940"},"modified":"2017-03-28T19:11:53","modified_gmt":"2017-03-28T19:11:53","slug":"abril-comienza-con-pequenas-caminatas-por-la-sierra-de-berzocana","status":"publish","type":"post","link":"https:\/\/blogs.hoy.es\/senderosextremadura\/2017\/03\/28\/abril-comienza-con-pequenas-caminatas-por-la-sierra-de-berzocana\/","title":{"rendered":"Abril comienza con peque\u00f1as caminatas por la Sierra de Berzocana"},"content":{"rendered":"<div id=\"attachment_3942\" style=\"width: 610px\" class=\"wp-caption aligncenter\"><a href=\"https:\/\/blogs.hoy.es\/senderosextremadura\/\"><img aria-describedby=\"caption-attachment-3942\" loading=\"lazy\" class=\"size-large wp-image-3942\" title=\"Paisaje de las Villuercas:: RUTAS POR EXTREMADURA\" src=\"\/senderosextremadura\/wp-content\/uploads\/sites\/22\/2017\/03\/rutas-ex.jpg\" alt=\"\" width=\"600\" height=\"400\" srcset=\"https:\/\/static-blogs.hoy.es\/wp-content\/uploads\/sites\/22\/2017\/03\/rutas-ex.jpg 900w, https:\/\/static-blogs.hoy.es\/wp-content\/uploads\/sites\/22\/2017\/03\/rutas-ex-300x200.jpg 300w, https:\/\/static-blogs.hoy.es\/wp-content\/uploads\/sites\/22\/2017\/03\/rutas-ex-768x512.jpg 768w, https:\/\/static-blogs.hoy.es\/wp-content\/uploads\/sites\/22\/2017\/03\/rutas-ex-600x400.jpg 600w\" sizes=\"(max-width: 600px) 100vw, 600px\" \/><\/a><p id=\"caption-attachment-3942\" class=\"wp-caption-text\">Paisaje de las Villuercas:: RUTAS POR EXTREMADURA<\/p><\/div>\n<p>Abril llega con una propuesta senderista para disfrutar de la <strong>Sierra de Berzocana<\/strong>. La actividad se desarrollar\u00e1 el s\u00e1bado 1 y el domingo d\u00eda 2. Ha sido organizada por Rutas por Extremadura y se trata de marchas de 5,5 kil\u00f3metros y escasa dificultad. En ellas se podr\u00e1 disfrutar de los bosques, f\u00f3siles y pinturas rupestres repartidas por este enclave del <strong>Geoparque Villuercas Ibores Jara<\/strong>. La inscripci\u00f3n tiene un coste de 5 euros y puede reservarse plaza contactando con la organizaci\u00f3n en el 63698462. Los participantes saldr\u00e1n a las 10.30 horas desde la plaza de Berzocana.<\/p>\n<!-- AddThis Advanced Settings generic via filter on the_content --><!-- AddThis Share Buttons generic via filter on the_content -->","protected":false},"excerpt":{"rendered":"<p>Abril llega con una propuesta senderista para disfrutar de la Sierra de Berzocana. La actividad se desarrollar\u00e1 el s\u00e1bado 1 y el domingo d\u00eda 2. Ha sido organizada por Rutas por Extremadura y se trata de marchas de 5,5 kil\u00f3metros y escasa dificultad. En ellas se podr\u00e1 disfrutar de los bosques, f\u00f3siles y pinturas rupestres [&hellip;]<!-- AddThis Advanced Settings generic via filter on get_the_excerpt --><!-- AddThis Share Buttons generic via filter on get_the_excerpt --><\/p>\n","protected":false},"author":27,"featured_media":0,"comment_status":"open","ping_status":"closed","sticky":false,"template":"","format":"standard","meta":[],"categories":[3],"tags":[101,350,836,906,1099],"_links":{"self":[{"href":"https:\/\/blogs.hoy.es\/senderosextremadura\/wp-json\/wp\/v2\/posts\/3940"}],"collection":[{"href":"https:\/\/blogs.hoy.es\/senderosextremadura\/wp-json\/wp\/v2\/posts"}],"about":[{"href":"https:\/\/blogs.hoy.es\/senderosextremadura\/wp-json\/wp\/v2\/types\/post"}],"author":[{"embeddable":true,"href":"https:\/\/blogs.hoy.es\/senderosextremadura\/wp-json\/wp\/v2\/users\/27"}],"replies":[{"embeddable":true,"href":"https:\/\/blogs.hoy.es\/senderosextremadura\/wp-json\/wp\/v2\/comments?post=3940"}],"version-history":[{"count":0,"href":"https:\/\/blogs.hoy.es\/senderosextremadura\/wp-json\/wp\/v2\/posts\/3940\/revisions"}],"wp:attachment":[{"href":"https:\/\/blogs.hoy.es\/senderosextremadura\/wp-json\/wp\/v2\/media?parent=3940"}],"wp:term":[{"taxonomy":"category","embeddable":true,"href":"https:\/\/blogs.hoy.es\/senderosextremadura\/wp-json\/wp\/v2\/categories?post=3940"},{"taxonomy":"post_tag","embeddable":true,"href":"https:\/\/blogs.hoy.es\/senderosextremadura\/wp-json\/wp\/v2\/tags?post=3940"}],"curies":[{"name":"wp","href":"https:\/\/api.w.org\/{rel}","templated":true}]}}