{"id":3946,"date":"2017-03-29T16:22:20","date_gmt":"2017-03-29T16:22:20","guid":{"rendered":"http:\/\/blogs.hoy.es\/senderosextremadura\/?p=3946"},"modified":"2017-03-29T16:22:20","modified_gmt":"2017-03-29T16:22:20","slug":"la-emblematica-ruta-de-alfonso-onceno-se-celebra-el-23-de-abril","status":"publish","type":"post","link":"https:\/\/blogs.hoy.es\/senderosextremadura\/2017\/03\/29\/la-emblematica-ruta-de-alfonso-onceno-se-celebra-el-23-de-abril\/","title":{"rendered":"La emblem\u00e1tica Ruta de Alfonso Onceno se celebra el 23 de abril"},"content":{"rendered":"<p><a href=\"https:\/\/blogs.hoy.es\/senderosextremadura\/\"><img loading=\"lazy\" class=\"aligncenter size-large wp-image-3948\" title=\"\" src=\"\/senderosextremadura\/wp-content\/uploads\/sites\/22\/2017\/03\/alfonso-onceno-ruta1.jpg\" alt=\"\" width=\"600\" height=\"362\" srcset=\"https:\/\/static-blogs.hoy.es\/wp-content\/uploads\/sites\/22\/2017\/03\/alfonso-onceno-ruta1.jpg 1367w, https:\/\/static-blogs.hoy.es\/wp-content\/uploads\/sites\/22\/2017\/03\/alfonso-onceno-ruta1-300x181.jpg 300w, https:\/\/static-blogs.hoy.es\/wp-content\/uploads\/sites\/22\/2017\/03\/alfonso-onceno-ruta1-768x464.jpg 768w, https:\/\/static-blogs.hoy.es\/wp-content\/uploads\/sites\/22\/2017\/03\/alfonso-onceno-ruta1-600x363.jpg 600w\" sizes=\"(max-width: 600px) 100vw, 600px\" \/><\/a><\/p>\n<p>El domingo 23 de abril vuelve la <strong>Ruta de Alfonso Onceno<\/strong>, una de las caminatas m\u00e1s emblem\u00e1ticas de cuantas se organizan en Las Villuercas. Al cumplirse en el a\u00f1o 2011 el 700 aniversario del nacimiento del monarca Alfonso XI, la asociaci\u00f3n senderista <a href=\"https:\/\/maragatosvilluercas.wordpress.com\/\" target=\"_blank\" rel=\"external nofollow\">Maragatos de las Villuercas<\/a> organiz\u00f3 esta ruta que discurre entre las localidades de <strong>Navezuelas y Guadalupe<\/strong>. A\u00f1o tras a\u00f1o, esta marcha de 17 kil\u00f3metros se realiza en el mes de abril, y con ella se pretende dar a conocer una de las zonas m\u00e1s impresionantes de la comarca y rememorar al monarca que frecuentaba estos parajes para la caza del oso. La actividad forma parte del <strong>Circuito Camina Extremadura.<\/strong><!--more--><\/p>\n<p>Precios de la inscripci\u00f3n:<\/p>\n<p>*NO FEDERADOS + AUTOB\u00daS 13 euros<br \/>\n*FEDERADOS + AUTOB\u00daS 11 euros<br \/>\n*NO FEDERADOS SIN AUTOB\u00daS 7 euros<br \/>\n*FEDERADOS SIN AUTOB\u00daS 5 euros<\/p>\n<p>Con la inscripci\u00f3n se tiene derecho a seguro de Responsabilidad Civil, Licencia federativa para el d\u00eda de la ruta, desayuno, avituallamiento, autob\u00fas si se necesitara, diploma final, bolsa del senderista y participaci\u00f3n en los sorteos finales.<br \/>\nLos autobuses saldr\u00e1n desde la parada de autobuses de Guadalupe a las 7:30 horas por la ma\u00f1ana y desde la misma parada a las 17:30 horas por la tarde para su regreso a Navezuelas.<br \/>\nEl plazo de inscripci\u00f3n finaliza el 20 de abril para federados y el 20 de abril para el resto de participantes. Las plazas se han limitado a 400.<\/p>\n<p>Se pueden poner en contacto con la organizaci\u00f3n a trav\u00e9s del email maragatosvilluercas@hotmail.com o por tel\u00e9fono en el 669813772.<\/p>\n<!-- AddThis Advanced Settings generic via filter on the_content --><!-- AddThis Share Buttons generic via filter on the_content -->","protected":false},"excerpt":{"rendered":"<p>El domingo 23 de abril vuelve la Ruta de Alfonso Onceno, una de las caminatas m\u00e1s emblem\u00e1ticas de cuantas se organizan en Las Villuercas. Al cumplirse en el a\u00f1o 2011 el 700 aniversario del nacimiento del monarca Alfonso XI, la asociaci\u00f3n senderista Maragatos de las Villuercas organiz\u00f3 esta ruta que discurre entre las localidades de [&hellip;]<!-- AddThis Advanced Settings generic via filter on get_the_excerpt --><!-- AddThis Share Buttons generic via filter on get_the_excerpt --><\/p>\n","protected":false},"author":27,"featured_media":0,"comment_status":"open","ping_status":"closed","sticky":false,"template":"","format":"standard","meta":[],"categories":[3],"tags":[364,564,722,836,1099],"_links":{"self":[{"href":"https:\/\/blogs.hoy.es\/senderosextremadura\/wp-json\/wp\/v2\/posts\/3946"}],"collection":[{"href":"https:\/\/blogs.hoy.es\/senderosextremadura\/wp-json\/wp\/v2\/posts"}],"about":[{"href":"https:\/\/blogs.hoy.es\/senderosextremadura\/wp-json\/wp\/v2\/types\/post"}],"author":[{"embeddable":true,"href":"https:\/\/blogs.hoy.es\/senderosextremadura\/wp-json\/wp\/v2\/users\/27"}],"replies":[{"embeddable":true,"href":"https:\/\/blogs.hoy.es\/senderosextremadura\/wp-json\/wp\/v2\/comments?post=3946"}],"version-history":[{"count":0,"href":"https:\/\/blogs.hoy.es\/senderosextremadura\/wp-json\/wp\/v2\/posts\/3946\/revisions"}],"wp:attachment":[{"href":"https:\/\/blogs.hoy.es\/senderosextremadura\/wp-json\/wp\/v2\/media?parent=3946"}],"wp:term":[{"taxonomy":"category","embeddable":true,"href":"https:\/\/blogs.hoy.es\/senderosextremadura\/wp-json\/wp\/v2\/categories?post=3946"},{"taxonomy":"post_tag","embeddable":true,"href":"https:\/\/blogs.hoy.es\/senderosextremadura\/wp-json\/wp\/v2\/tags?post=3946"}],"curies":[{"name":"wp","href":"https:\/\/api.w.org\/{rel}","templated":true}]}}