{"id":3950,"date":"2017-03-29T18:29:11","date_gmt":"2017-03-29T18:29:11","guid":{"rendered":"http:\/\/blogs.hoy.es\/senderosextremadura\/?p=3950"},"modified":"2017-03-29T18:29:11","modified_gmt":"2017-03-29T18:29:11","slug":"garbayuela-camina-para-apoyar-a-los-ninos-con-hemiparesia","status":"publish","type":"post","link":"https:\/\/blogs.hoy.es\/senderosextremadura\/2017\/03\/29\/garbayuela-camina-para-apoyar-a-los-ninos-con-hemiparesia\/","title":{"rendered":"Garbayuela camina para apoyar a los ni\u00f1os con hemiparesia"},"content":{"rendered":"<p><a href=\"https:\/\/blogs.hoy.es\/senderosextremadura\/\"><img loading=\"lazy\" class=\"aligncenter size-large wp-image-3951\" title=\"\" src=\"\/senderosextremadura\/wp-content\/uploads\/sites\/22\/2017\/03\/garbayuela.jpg\" alt=\"\" width=\"600\" height=\"164\" srcset=\"https:\/\/static-blogs.hoy.es\/wp-content\/uploads\/sites\/22\/2017\/03\/garbayuela.jpg 837w, https:\/\/static-blogs.hoy.es\/wp-content\/uploads\/sites\/22\/2017\/03\/garbayuela-300x82.jpg 300w, https:\/\/static-blogs.hoy.es\/wp-content\/uploads\/sites\/22\/2017\/03\/garbayuela-768x211.jpg 768w, https:\/\/static-blogs.hoy.es\/wp-content\/uploads\/sites\/22\/2017\/03\/garbayuela-600x165.jpg 600w\" sizes=\"(max-width: 600px) 100vw, 600px\" \/><\/a><\/p>\n<p><strong>Garbayuela<\/strong> volver\u00e1 a demostrar su solidaridad. La localidad pacense ha programado para el 14 de abril, Viernes Santo, la <strong>III Ruta Senderista en Apoyo a la Hemiparesia Infantil<\/strong>. Los caminantes saldr\u00e1n a las 8.30 horas desde el pub El Sitio. <!--more-->Recorrer\u00e1n 17 kil\u00f3metros de dificultad media. La inscripci\u00f3n, de 10 euros, incluye seguro, avituallamiento y paella, adem\u00e1s del donativo. Para m\u00e1s informaci\u00f3n contactar con el Ayutamiento de la localidad o la \u00a0<a href=\"http:\/\/hemiweb.org\/\" target=\"_blank\" rel=\"external nofollow\">Asociaci\u00f3n de Hemiparesia Infantil.<\/a><\/p>\n<p>Todos los donativos que se recauden ir\u00e1n destinados al programa de flautas adaptadas de la fundaci\u00f3n.<\/p>\n<!-- AddThis Advanced Settings generic via filter on the_content --><!-- AddThis Share Buttons generic via filter on the_content -->","protected":false},"excerpt":{"rendered":"<p>Garbayuela volver\u00e1 a demostrar su solidaridad. La localidad pacense ha programado para el 14 de abril, Viernes Santo, la III Ruta Senderista en Apoyo a la Hemiparesia Infantil. Los caminantes saldr\u00e1n a las 8.30 horas desde el pub El Sitio.<!-- AddThis Advanced Settings generic via filter on get_the_excerpt --><!-- AddThis Share Buttons generic via filter on get_the_excerpt --><\/p>\n","protected":false},"author":27,"featured_media":0,"comment_status":"open","ping_status":"closed","sticky":false,"template":"","format":"standard","meta":[],"categories":[3],"tags":[336,906],"_links":{"self":[{"href":"https:\/\/blogs.hoy.es\/senderosextremadura\/wp-json\/wp\/v2\/posts\/3950"}],"collection":[{"href":"https:\/\/blogs.hoy.es\/senderosextremadura\/wp-json\/wp\/v2\/posts"}],"about":[{"href":"https:\/\/blogs.hoy.es\/senderosextremadura\/wp-json\/wp\/v2\/types\/post"}],"author":[{"embeddable":true,"href":"https:\/\/blogs.hoy.es\/senderosextremadura\/wp-json\/wp\/v2\/users\/27"}],"replies":[{"embeddable":true,"href":"https:\/\/blogs.hoy.es\/senderosextremadura\/wp-json\/wp\/v2\/comments?post=3950"}],"version-history":[{"count":0,"href":"https:\/\/blogs.hoy.es\/senderosextremadura\/wp-json\/wp\/v2\/posts\/3950\/revisions"}],"wp:attachment":[{"href":"https:\/\/blogs.hoy.es\/senderosextremadura\/wp-json\/wp\/v2\/media?parent=3950"}],"wp:term":[{"taxonomy":"category","embeddable":true,"href":"https:\/\/blogs.hoy.es\/senderosextremadura\/wp-json\/wp\/v2\/categories?post=3950"},{"taxonomy":"post_tag","embeddable":true,"href":"https:\/\/blogs.hoy.es\/senderosextremadura\/wp-json\/wp\/v2\/tags?post=3950"}],"curies":[{"name":"wp","href":"https:\/\/api.w.org\/{rel}","templated":true}]}}