{"id":3953,"date":"2017-04-03T10:25:14","date_gmt":"2017-04-03T10:25:14","guid":{"rendered":"http:\/\/blogs.hoy.es\/senderosextremadura\/?p=3953"},"modified":"2017-04-03T10:25:14","modified_gmt":"2017-04-03T10:25:14","slug":"dos-rutas-por-la-sierra-de-cabeza-la-vaca-23-de-abril","status":"publish","type":"post","link":"https:\/\/blogs.hoy.es\/senderosextremadura\/2017\/04\/03\/dos-rutas-por-la-sierra-de-cabeza-la-vaca-23-de-abril\/","title":{"rendered":"Dos rutas por la sierra de Cabeza la Vaca (23 de abril)"},"content":{"rendered":"<p><a href=\"https:\/\/blogs.hoy.es\/senderosextremadura\/\"><img loading=\"lazy\" class=\"aligncenter size-large wp-image-3954\" title=\"\" src=\"\/senderosextremadura\/wp-content\/uploads\/sites\/22\/2017\/04\/RUTA-SENDERISMO-24-ABRIL-2016-037.jpg\" alt=\"Senderistas en la Sierra de Tentud\u00eda:. SENDERISMO EL FONTANAL \" width=\"600\" height=\"400\" srcset=\"https:\/\/static-blogs.hoy.es\/wp-content\/uploads\/sites\/22\/2017\/04\/RUTA-SENDERISMO-24-ABRIL-2016-037.jpg 900w, https:\/\/static-blogs.hoy.es\/wp-content\/uploads\/sites\/22\/2017\/04\/RUTA-SENDERISMO-24-ABRIL-2016-037-300x200.jpg 300w, https:\/\/static-blogs.hoy.es\/wp-content\/uploads\/sites\/22\/2017\/04\/RUTA-SENDERISMO-24-ABRIL-2016-037-768x512.jpg 768w, https:\/\/static-blogs.hoy.es\/wp-content\/uploads\/sites\/22\/2017\/04\/RUTA-SENDERISMO-24-ABRIL-2016-037-600x400.jpg 600w\" sizes=\"(max-width: 600px) 100vw, 600px\" \/><\/a><\/p>\n<p>La asociaci\u00f3n El Fontanal de Cabeza la Vaca ha programado para el domingo 23 de abril la IV Ruta de Senderismo por la Sierra de Tentud\u00eda. La marcha incluye dos trayectos, el primero, y m\u00e1s largo, de 19 kil\u00f3metros, y otro de 12 km. La inscripci\u00f3n tiene un precio de cinco euros y puede realizarse hasta el 18 de abril a trav\u00e9s de la <a href=\"http:\/\/senderismocabezalavaca.blogspot.com.es\/\" target=\"_blank\" rel=\"external nofollow\">web del club.<\/a><\/p>\n<p>Las dos rutas discurren por la sierra de Cabeza la Vaca, por terrenos con bastante desnivel, que har\u00e1n disfrutar de unos paisajes incomparables, vistas panor\u00e1micas del municipio y de sierras con altitudes superiores a los 1000 metros. Estas condiciones de altitud ofrecen una variedad de ecosistemas compuesta por encinas, olivos, casta\u00f1os, robles, jara y romero. Las \u00a0rutas arrancan desde la Plaza de Espa\u00f1a, lugar de encuentro a primera hora de la ma\u00f1ana.<\/p>\n<!-- AddThis Advanced Settings generic via filter on the_content --><!-- AddThis Share Buttons generic via filter on the_content -->","protected":false},"excerpt":{"rendered":"<p>La asociaci\u00f3n El Fontanal de Cabeza la Vaca ha programado para el domingo 23 de abril la IV Ruta de Senderismo por la Sierra de Tentud\u00eda. La marcha incluye dos trayectos, el primero, y m\u00e1s largo, de 19 kil\u00f3metros, y otro de 12 km. La inscripci\u00f3n tiene un precio de cinco euros y puede realizarse [&hellip;]<!-- AddThis Advanced Settings generic via filter on get_the_excerpt --><!-- AddThis Share Buttons generic via filter on get_the_excerpt --><\/p>\n","protected":false},"author":27,"featured_media":0,"comment_status":"open","ping_status":"closed","sticky":false,"template":"","format":"standard","meta":[],"categories":[3],"tags":[116,836,906],"_links":{"self":[{"href":"https:\/\/blogs.hoy.es\/senderosextremadura\/wp-json\/wp\/v2\/posts\/3953"}],"collection":[{"href":"https:\/\/blogs.hoy.es\/senderosextremadura\/wp-json\/wp\/v2\/posts"}],"about":[{"href":"https:\/\/blogs.hoy.es\/senderosextremadura\/wp-json\/wp\/v2\/types\/post"}],"author":[{"embeddable":true,"href":"https:\/\/blogs.hoy.es\/senderosextremadura\/wp-json\/wp\/v2\/users\/27"}],"replies":[{"embeddable":true,"href":"https:\/\/blogs.hoy.es\/senderosextremadura\/wp-json\/wp\/v2\/comments?post=3953"}],"version-history":[{"count":0,"href":"https:\/\/blogs.hoy.es\/senderosextremadura\/wp-json\/wp\/v2\/posts\/3953\/revisions"}],"wp:attachment":[{"href":"https:\/\/blogs.hoy.es\/senderosextremadura\/wp-json\/wp\/v2\/media?parent=3953"}],"wp:term":[{"taxonomy":"category","embeddable":true,"href":"https:\/\/blogs.hoy.es\/senderosextremadura\/wp-json\/wp\/v2\/categories?post=3953"},{"taxonomy":"post_tag","embeddable":true,"href":"https:\/\/blogs.hoy.es\/senderosextremadura\/wp-json\/wp\/v2\/tags?post=3953"}],"curies":[{"name":"wp","href":"https:\/\/api.w.org\/{rel}","templated":true}]}}