{"id":3972,"date":"2017-04-11T17:21:55","date_gmt":"2017-04-11T17:21:55","guid":{"rendered":"http:\/\/blogs.hoy.es\/senderosextremadura\/?p=3972"},"modified":"2017-04-11T17:21:55","modified_gmt":"2017-04-11T17:21:55","slug":"iv-ruta-senderista-las-alquerias","status":"publish","type":"post","link":"https:\/\/blogs.hoy.es\/senderosextremadura\/2017\/04\/11\/iv-ruta-senderista-las-alquerias\/","title":{"rendered":"IV Ruta senderista por las alquer\u00edas de Las Hurdes"},"content":{"rendered":"<p><a href=\"https:\/\/blogs.hoy.es\/senderosextremadura\/\"><img loading=\"lazy\" class=\"aligncenter size-full wp-image-3974\" title=\"\" src=\"\/senderosextremadura\/wp-content\/uploads\/sites\/22\/2017\/04\/alquerias.jpg\" alt=\"\" width=\"394\" height=\"278\" srcset=\"https:\/\/static-blogs.hoy.es\/wp-content\/uploads\/sites\/22\/2017\/04\/alquerias.jpg 394w, https:\/\/static-blogs.hoy.es\/wp-content\/uploads\/sites\/22\/2017\/04\/alquerias-300x212.jpg 300w\" sizes=\"(max-width: 394px) 100vw, 394px\" \/><\/a><\/p>\n<p>El <strong>grupo senderista El Cotorr\u00f3n<\/strong> ha programado para esta Semana Santa la <strong>IV Ruta Senderista Las Alquer\u00edas<\/strong>. La marcha se celebra este <strong>Viernes Santo 14 de abril<\/strong> y discurre por parajes pr\u00f3ximos a Pinofranqueado, en la comarca de Las Hurdes. Los caminantes saldr\u00e1n a las 7.30 horas desde el puente de la localidad cacere\u00f1a y continuar\u00e1 por el cruce de Avellanar, El Moral, Horcajo, Aldehuela, Er\u00edas, Castillo, Muela y finalizar en el punto de partida. \u00a0La marcha recorre 25 kil\u00f3metros y su dificultad es media-alta, por lo que se ha previsto una alternativa m\u00e1s corta de 15 kil\u00f3metros.\u00a0<!--more--><\/p>\n<p>Los interesados pueden inscribirse hasta el 12 de abril. La inscripci\u00f3n tiene un coste de 5 euros para los no socios. M\u00e1s informaci\u00f3n en el <a href=\"http:\/\/grupocotorron.blogspot.com.es\/\" target=\"_blank\" rel=\"external nofollow\">blog del grupo senderista.<\/a><\/p>\n<p>Los interesados de Pinofranqueado pueden apuntarse en Electrodom\u00e9sticos C\u00e1ceres (Chuito), entras que las personas de fuera de la localidad \u00a0pueden ingresar la cuota en la cuenta de Caja Duero (Espa\u00f1aDuero): IBAN: ES45 2108 2685 1100 1696 8298. Se debe poner en concepto Ruta Alquer\u00edas y nombre y apellidos del ordenante.<\/p>\n<!-- AddThis Advanced Settings generic via filter on the_content --><!-- AddThis Share Buttons generic via filter on the_content -->","protected":false},"excerpt":{"rendered":"<p>El grupo senderista El Cotorr\u00f3n ha programado para esta Semana Santa la IV Ruta Senderista Las Alquer\u00edas. La marcha se celebra este Viernes Santo 14 de abril y discurre por parajes pr\u00f3ximos a Pinofranqueado, en la comarca de Las Hurdes. Los caminantes saldr\u00e1n a las 7.30 horas desde el puente de la localidad cacere\u00f1a y [&hellip;]<!-- AddThis Advanced Settings generic via filter on get_the_excerpt --><!-- AddThis Share Buttons generic via filter on get_the_excerpt --><\/p>\n","protected":false},"author":27,"featured_media":0,"comment_status":"open","ping_status":"closed","sticky":false,"template":"","format":"standard","meta":[],"categories":[3],"tags":[301,444,634,856,906],"_links":{"self":[{"href":"https:\/\/blogs.hoy.es\/senderosextremadura\/wp-json\/wp\/v2\/posts\/3972"}],"collection":[{"href":"https:\/\/blogs.hoy.es\/senderosextremadura\/wp-json\/wp\/v2\/posts"}],"about":[{"href":"https:\/\/blogs.hoy.es\/senderosextremadura\/wp-json\/wp\/v2\/types\/post"}],"author":[{"embeddable":true,"href":"https:\/\/blogs.hoy.es\/senderosextremadura\/wp-json\/wp\/v2\/users\/27"}],"replies":[{"embeddable":true,"href":"https:\/\/blogs.hoy.es\/senderosextremadura\/wp-json\/wp\/v2\/comments?post=3972"}],"version-history":[{"count":0,"href":"https:\/\/blogs.hoy.es\/senderosextremadura\/wp-json\/wp\/v2\/posts\/3972\/revisions"}],"wp:attachment":[{"href":"https:\/\/blogs.hoy.es\/senderosextremadura\/wp-json\/wp\/v2\/media?parent=3972"}],"wp:term":[{"taxonomy":"category","embeddable":true,"href":"https:\/\/blogs.hoy.es\/senderosextremadura\/wp-json\/wp\/v2\/categories?post=3972"},{"taxonomy":"post_tag","embeddable":true,"href":"https:\/\/blogs.hoy.es\/senderosextremadura\/wp-json\/wp\/v2\/tags?post=3972"}],"curies":[{"name":"wp","href":"https:\/\/api.w.org\/{rel}","templated":true}]}}