{"id":3978,"date":"2017-04-11T18:52:50","date_gmt":"2017-04-11T18:52:50","guid":{"rendered":"http:\/\/blogs.hoy.es\/senderosextremadura\/?p=3978"},"modified":"2017-04-11T18:52:50","modified_gmt":"2017-04-11T18:52:50","slug":"ruta-solidaria-en-badajoz","status":"publish","type":"post","link":"https:\/\/blogs.hoy.es\/senderosextremadura\/2017\/04\/11\/ruta-solidaria-en-badajoz\/","title":{"rendered":"Ruta solidaria en Badajoz"},"content":{"rendered":"<div id=\"attachment_3979\" style=\"width: 603px\" class=\"wp-caption aligncenter\"><img aria-describedby=\"caption-attachment-3979\" loading=\"lazy\" class=\"size-full wp-image-3979\" title=\"\" src=\"\/senderosextremadura\/wp-content\/uploads\/sites\/22\/2017\/04\/ruta-solidaria-bad.jpg\" alt=\"\" width=\"593\" height=\"375\" srcset=\"https:\/\/static-blogs.hoy.es\/wp-content\/uploads\/sites\/22\/2017\/04\/ruta-solidaria-bad.jpg 593w, https:\/\/static-blogs.hoy.es\/wp-content\/uploads\/sites\/22\/2017\/04\/ruta-solidaria-bad-300x190.jpg 300w\" sizes=\"(max-width: 593px) 100vw, 593px\" \/><p id=\"caption-attachment-3979\" class=\"wp-caption-text\">Imagen de una caminata solidaria anterior:: SERGI C\u00c1MARA<\/p><\/div>\n<p>Badajoz acoge el pr\u00f3ximo s\u00e1bado 22 de abril marcha solidaria. Se trata de la ruta organizada por la Parroquia Nuestra Se\u00f1ora de Guadalupe. La caminata partir\u00e1 a las diez de la ma\u00f1ana desde el templo de Valdepasillas. Bajo el t\u00edtulo &#8216;Abriendo una ventana a la esperanza&#8217;, los participantes colaborar\u00e1n con el proyecto de C\u00e1ritas a favor de los refugiados sirios que se encuentran en Grecia. Est\u00e1 previsto que finalice a las 13 horas.<\/p>\n<!-- AddThis Advanced Settings generic via filter on the_content --><!-- AddThis Share Buttons generic via filter on the_content -->","protected":false},"excerpt":{"rendered":"<p>Badajoz acoge el pr\u00f3ximo s\u00e1bado 22 de abril marcha solidaria. Se trata de la ruta organizada por la Parroquia Nuestra Se\u00f1ora de Guadalupe. La caminata partir\u00e1 a las diez de la ma\u00f1ana desde el templo de Valdepasillas. Bajo el t\u00edtulo &#8216;Abriendo una ventana a la esperanza&#8217;, los participantes colaborar\u00e1n con el proyecto de C\u00e1ritas a [&hellip;]<!-- AddThis Advanced Settings generic via filter on get_the_excerpt --><!-- AddThis Share Buttons generic via filter on get_the_excerpt --><\/p>\n","protected":false},"author":27,"featured_media":0,"comment_status":"open","ping_status":"closed","sticky":false,"template":"","format":"standard","meta":[],"categories":[3],"tags":[1130,817,906,998],"_links":{"self":[{"href":"https:\/\/blogs.hoy.es\/senderosextremadura\/wp-json\/wp\/v2\/posts\/3978"}],"collection":[{"href":"https:\/\/blogs.hoy.es\/senderosextremadura\/wp-json\/wp\/v2\/posts"}],"about":[{"href":"https:\/\/blogs.hoy.es\/senderosextremadura\/wp-json\/wp\/v2\/types\/post"}],"author":[{"embeddable":true,"href":"https:\/\/blogs.hoy.es\/senderosextremadura\/wp-json\/wp\/v2\/users\/27"}],"replies":[{"embeddable":true,"href":"https:\/\/blogs.hoy.es\/senderosextremadura\/wp-json\/wp\/v2\/comments?post=3978"}],"version-history":[{"count":0,"href":"https:\/\/blogs.hoy.es\/senderosextremadura\/wp-json\/wp\/v2\/posts\/3978\/revisions"}],"wp:attachment":[{"href":"https:\/\/blogs.hoy.es\/senderosextremadura\/wp-json\/wp\/v2\/media?parent=3978"}],"wp:term":[{"taxonomy":"category","embeddable":true,"href":"https:\/\/blogs.hoy.es\/senderosextremadura\/wp-json\/wp\/v2\/categories?post=3978"},{"taxonomy":"post_tag","embeddable":true,"href":"https:\/\/blogs.hoy.es\/senderosextremadura\/wp-json\/wp\/v2\/tags?post=3978"}],"curies":[{"name":"wp","href":"https:\/\/api.w.org\/{rel}","templated":true}]}}