{"id":3981,"date":"2017-04-11T19:03:41","date_gmt":"2017-04-11T19:03:41","guid":{"rendered":"http:\/\/blogs.hoy.es\/senderosextremadura\/?p=3981"},"modified":"2017-04-11T19:03:41","modified_gmt":"2017-04-11T19:03:41","slug":"una-ruta-llena-de-flores-en-el-festival-de-la-jara-de-aliseda","status":"publish","type":"post","link":"https:\/\/blogs.hoy.es\/senderosextremadura\/2017\/04\/11\/una-ruta-llena-de-flores-en-el-festival-de-la-jara-de-aliseda\/","title":{"rendered":"Una ruta llena de flores en el Festival de la Jara de Aliseda"},"content":{"rendered":"<p><a href=\"https:\/\/blogs.hoy.es\/senderosextremadura\/\"><img loading=\"lazy\" class=\"aligncenter size-large wp-image-3987\" title=\"\" src=\"\/senderosextremadura\/wp-content\/uploads\/sites\/22\/2017\/04\/jara.jpg\" alt=\"\" width=\"600\" height=\"427\" srcset=\"https:\/\/static-blogs.hoy.es\/wp-content\/uploads\/sites\/22\/2017\/04\/jara.jpg 900w, https:\/\/static-blogs.hoy.es\/wp-content\/uploads\/sites\/22\/2017\/04\/jara-300x214.jpg 300w, https:\/\/static-blogs.hoy.es\/wp-content\/uploads\/sites\/22\/2017\/04\/jara-768x547.jpg 768w, https:\/\/static-blogs.hoy.es\/wp-content\/uploads\/sites\/22\/2017\/04\/jara-600x427.jpg 600w\" sizes=\"(max-width: 600px) 100vw, 600px\" \/><\/a><\/p>\n<p><strong>Aliseda<\/strong> celebrar\u00e1 el fin de semana del 21 al 23 de abril su <strong>Festival de la Jara<\/strong>. Esta celebraci\u00f3n con motivo del <strong>D\u00eda de la Tierra<\/strong> incluye rutas de naturaleza, entre otras muchas actividades. La organizaci\u00f3n ha programado una marcha de unos 14 Km y dificultad media. Los caminantes saldr\u00e1n de las estaci\u00f3n de servicio a las 8:30 horas del s\u00e1bado d\u00eda 22 de abril. Se trata de una ruta guiada con personal especializado, que ir\u00e1 explicando los aspectos m\u00e1s interesantes del recorrido para aprender de la flora y fauna dentro de las magn\u00edficas dehesas que rodean a Aliseda. <!--more-->El pueblo forma parte de la Sierra de San Pedro y se sit\u00faa en la falda de la Sierra de Aljibe, una zona abrupta y rica en el l\u00edmite oeste de las provincias de C\u00e1ceres y Badajoz.<br \/>\nLos caminantes podr\u00e1n disfrutar de la dehesa en su m\u00e1xima plenitud con imponentes encinas y alcornoques, junto con la floraci\u00f3n t\u00edpica de esta \u00e9poca del a\u00f1o, encontrando variedades diferentes de jaras, orqu\u00eddeas, narcisos y rosad de Alejandr\u00eda. Campos inundados de color que hacen de esta ruta un tranquilo y agradable paseo que nos reconfortar\u00e1 el f\u00edsico y el alma.<\/p>\n<p><a href=\"https:\/\/blogs.hoy.es\/senderosextremadura\/\"><img loading=\"lazy\" class=\"aligncenter size-large wp-image-3982\" title=\"\" src=\"\/senderosextremadura\/wp-content\/uploads\/sites\/22\/2017\/04\/festival.jpg\" alt=\"\" width=\"600\" height=\"844\" srcset=\"https:\/\/static-blogs.hoy.es\/wp-content\/uploads\/sites\/22\/2017\/04\/festival.jpg 652w, https:\/\/static-blogs.hoy.es\/wp-content\/uploads\/sites\/22\/2017\/04\/festival-213x300.jpg 213w, https:\/\/static-blogs.hoy.es\/wp-content\/uploads\/sites\/22\/2017\/04\/festival-600x845.jpg 600w\" sizes=\"(max-width: 600px) 100vw, 600px\" \/><\/a><\/p>\n<!-- AddThis Advanced Settings generic via filter on the_content --><!-- AddThis Share Buttons generic via filter on the_content -->","protected":false},"excerpt":{"rendered":"<p>Aliseda celebrar\u00e1 el fin de semana del 21 al 23 de abril su Festival de la Jara. Esta celebraci\u00f3n con motivo del D\u00eda de la Tierra incluye rutas de naturaleza, entre otras muchas actividades. La organizaci\u00f3n ha programado una marcha de unos 14 Km y dificultad media. Los caminantes saldr\u00e1n de las estaci\u00f3n de servicio [&hellip;]<!-- AddThis Advanced Settings generic via filter on get_the_excerpt --><!-- AddThis Share Buttons generic via filter on get_the_excerpt --><\/p>\n","protected":false},"author":27,"featured_media":0,"comment_status":"open","ping_status":"closed","sticky":false,"template":"","format":"standard","meta":[],"categories":[3],"tags":[1138,836,906,944,1035],"_links":{"self":[{"href":"https:\/\/blogs.hoy.es\/senderosextremadura\/wp-json\/wp\/v2\/posts\/3981"}],"collection":[{"href":"https:\/\/blogs.hoy.es\/senderosextremadura\/wp-json\/wp\/v2\/posts"}],"about":[{"href":"https:\/\/blogs.hoy.es\/senderosextremadura\/wp-json\/wp\/v2\/types\/post"}],"author":[{"embeddable":true,"href":"https:\/\/blogs.hoy.es\/senderosextremadura\/wp-json\/wp\/v2\/users\/27"}],"replies":[{"embeddable":true,"href":"https:\/\/blogs.hoy.es\/senderosextremadura\/wp-json\/wp\/v2\/comments?post=3981"}],"version-history":[{"count":0,"href":"https:\/\/blogs.hoy.es\/senderosextremadura\/wp-json\/wp\/v2\/posts\/3981\/revisions"}],"wp:attachment":[{"href":"https:\/\/blogs.hoy.es\/senderosextremadura\/wp-json\/wp\/v2\/media?parent=3981"}],"wp:term":[{"taxonomy":"category","embeddable":true,"href":"https:\/\/blogs.hoy.es\/senderosextremadura\/wp-json\/wp\/v2\/categories?post=3981"},{"taxonomy":"post_tag","embeddable":true,"href":"https:\/\/blogs.hoy.es\/senderosextremadura\/wp-json\/wp\/v2\/tags?post=3981"}],"curies":[{"name":"wp","href":"https:\/\/api.w.org\/{rel}","templated":true}]}}