{"id":3984,"date":"2017-04-11T19:41:15","date_gmt":"2017-04-11T19:41:15","guid":{"rendered":"http:\/\/blogs.hoy.es\/senderosextremadura\/?p=3984"},"modified":"2017-04-11T19:41:15","modified_gmt":"2017-04-11T19:41:15","slug":"ii-ruta-de-las-tres-charcas-de-esparragalejo","status":"publish","type":"post","link":"https:\/\/blogs.hoy.es\/senderosextremadura\/2017\/04\/11\/ii-ruta-de-las-tres-charcas-de-esparragalejo\/","title":{"rendered":"II Ruta de las Tres Charcas de Esparragalejo"},"content":{"rendered":"<p><a href=\"https:\/\/blogs.hoy.es\/senderosextremadura\/\"><img loading=\"lazy\" class=\"aligncenter size-large wp-image-3986\" title=\"\" src=\"\/senderosextremadura\/wp-content\/uploads\/sites\/22\/2017\/04\/marcha1.jpg\" alt=\"\" width=\"600\" height=\"400\" srcset=\"https:\/\/static-blogs.hoy.es\/wp-content\/uploads\/sites\/22\/2017\/04\/marcha1.jpg 1620w, https:\/\/static-blogs.hoy.es\/wp-content\/uploads\/sites\/22\/2017\/04\/marcha1-300x200.jpg 300w, https:\/\/static-blogs.hoy.es\/wp-content\/uploads\/sites\/22\/2017\/04\/marcha1-768x512.jpg 768w, https:\/\/static-blogs.hoy.es\/wp-content\/uploads\/sites\/22\/2017\/04\/marcha1-600x400.jpg 600w\" sizes=\"(max-width: 600px) 100vw, 600px\" \/><\/a><br \/>\nEl Ayuntamiento de Esparragalejo ha programado para el s\u00e1bado 29 de abril la <strong>II Ruta de las Tres Charcas.<\/strong> Los caminantes saldr\u00e1n del campo de f\u00fatbol a las 9.30 horas y recorrer\u00e1n 15 kil\u00f3metros. <!--more-->La inscripci\u00f3n cuesta tres euros y puede hacerse hasta el 25 de abril en el ayuntamiento o en la casa de cultura. Incluye avituallamiento, paella y camiseta. Para m\u00e1s informaci\u00f3n se puede llamar al \u00a0tel\u00e9fono \u00a0924 322402.<\/p>\n<!-- AddThis Advanced Settings generic via filter on the_content --><!-- AddThis Share Buttons generic via filter on the_content -->","protected":false},"excerpt":{"rendered":"<p>El Ayuntamiento de Esparragalejo ha programado para el s\u00e1bado 29 de abril la II Ruta de las Tres Charcas. Los caminantes saldr\u00e1n del campo de f\u00fatbol a las 9.30 horas y recorrer\u00e1n 15 kil\u00f3metros.<!-- AddThis Advanced Settings generic via filter on get_the_excerpt --><!-- AddThis Share Buttons generic via filter on get_the_excerpt --><\/p>\n","protected":false},"author":27,"featured_media":0,"comment_status":"open","ping_status":"closed","sticky":false,"template":"","format":"standard","meta":[],"categories":[3],"tags":[1131,792,906],"_links":{"self":[{"href":"https:\/\/blogs.hoy.es\/senderosextremadura\/wp-json\/wp\/v2\/posts\/3984"}],"collection":[{"href":"https:\/\/blogs.hoy.es\/senderosextremadura\/wp-json\/wp\/v2\/posts"}],"about":[{"href":"https:\/\/blogs.hoy.es\/senderosextremadura\/wp-json\/wp\/v2\/types\/post"}],"author":[{"embeddable":true,"href":"https:\/\/blogs.hoy.es\/senderosextremadura\/wp-json\/wp\/v2\/users\/27"}],"replies":[{"embeddable":true,"href":"https:\/\/blogs.hoy.es\/senderosextremadura\/wp-json\/wp\/v2\/comments?post=3984"}],"version-history":[{"count":0,"href":"https:\/\/blogs.hoy.es\/senderosextremadura\/wp-json\/wp\/v2\/posts\/3984\/revisions"}],"wp:attachment":[{"href":"https:\/\/blogs.hoy.es\/senderosextremadura\/wp-json\/wp\/v2\/media?parent=3984"}],"wp:term":[{"taxonomy":"category","embeddable":true,"href":"https:\/\/blogs.hoy.es\/senderosextremadura\/wp-json\/wp\/v2\/categories?post=3984"},{"taxonomy":"post_tag","embeddable":true,"href":"https:\/\/blogs.hoy.es\/senderosextremadura\/wp-json\/wp\/v2\/tags?post=3984"}],"curies":[{"name":"wp","href":"https:\/\/api.w.org\/{rel}","templated":true}]}}