{"id":3988,"date":"2017-04-12T17:48:51","date_gmt":"2017-04-12T17:48:51","guid":{"rendered":"http:\/\/blogs.hoy.es\/senderosextremadura\/?p=3988"},"modified":"2017-04-12T17:48:51","modified_gmt":"2017-04-12T17:48:51","slug":"una-escapada-rayana-para-el-sabado-santo","status":"publish","type":"post","link":"https:\/\/blogs.hoy.es\/senderosextremadura\/2017\/04\/12\/una-escapada-rayana-para-el-sabado-santo\/","title":{"rendered":"Una escapada rayana para el S\u00e1bado Santo"},"content":{"rendered":"<p>Al otro lado de la Raya nos espera este S\u00e1bado una <strong>caminata circular<\/strong> por una de las zonas m\u00e1s bonitas y bien preservada del Alentejo, en la que disfrutar de deslumbrantes paisajes. Hablamos de la <strong>villa de Mour\u00e3o<\/strong>, al otro lado de la frontera y muy cerca de Villanueva del Fresno. El punto de encuentro para comenzar a caminar es la biblioteca de la localidad lusa, a las diez de la ma\u00f1ana. Se recorrer\u00e1n nueve kil\u00f3metros en un tiempo estimado de dos horas. <!--more-->dificultad es baja. La inscripci\u00f3n es gratuita pero <a href=\"https:\/\/www.facebook.com\/events\/138376413360703\/\" target=\"_blank\" rel=\"external nofollow\">obligatoria a trav\u00e9s de Facebook<\/a>. Una oportunidad de disfrutar de las llanuras, \u00a0la naturaleza y sentir la frescura del agua junto al Gran Lago de Alqueva. Esta marcha ha sido organizada por el alojamiento rural Os V Sentidos.<br \/>\ninfo@os5sentidos.pt<br \/>\n968 145 900<\/p>\n<p><a href=\"https:\/\/blogs.hoy.es\/senderosextremadura\/\"><img loading=\"lazy\" class=\"aligncenter size-large wp-image-3989\" title=\"\" src=\"\/senderosextremadura\/wp-content\/uploads\/sites\/22\/2017\/04\/rukta-sentidos.jpg\" alt=\"\" width=\"600\" height=\"849\" srcset=\"https:\/\/static-blogs.hoy.es\/wp-content\/uploads\/sites\/22\/2017\/04\/rukta-sentidos.jpg 678w, https:\/\/static-blogs.hoy.es\/wp-content\/uploads\/sites\/22\/2017\/04\/rukta-sentidos-212x300.jpg 212w, https:\/\/static-blogs.hoy.es\/wp-content\/uploads\/sites\/22\/2017\/04\/rukta-sentidos-600x850.jpg 600w\" sizes=\"(max-width: 600px) 100vw, 600px\" \/><\/a><\/p>\n<!-- AddThis Advanced Settings generic via filter on the_content --><!-- AddThis Share Buttons generic via filter on the_content -->","protected":false},"excerpt":{"rendered":"<p>Al otro lado de la Raya nos espera este S\u00e1bado una caminata circular por una de las zonas m\u00e1s bonitas y bien preservada del Alentejo, en la que disfrutar de deslumbrantes paisajes. Hablamos de la villa de Mour\u00e3o, al otro lado de la frontera y muy cerca de Villanueva del Fresno. El punto de encuentro [&hellip;]<!-- AddThis Advanced Settings generic via filter on get_the_excerpt --><!-- AddThis Share Buttons generic via filter on get_the_excerpt --><\/p>\n","protected":false},"author":27,"featured_media":0,"comment_status":"open","ping_status":"closed","sticky":false,"template":"","format":"standard","meta":[],"categories":[3],"tags":[28,541,646,672,1136,906],"_links":{"self":[{"href":"https:\/\/blogs.hoy.es\/senderosextremadura\/wp-json\/wp\/v2\/posts\/3988"}],"collection":[{"href":"https:\/\/blogs.hoy.es\/senderosextremadura\/wp-json\/wp\/v2\/posts"}],"about":[{"href":"https:\/\/blogs.hoy.es\/senderosextremadura\/wp-json\/wp\/v2\/types\/post"}],"author":[{"embeddable":true,"href":"https:\/\/blogs.hoy.es\/senderosextremadura\/wp-json\/wp\/v2\/users\/27"}],"replies":[{"embeddable":true,"href":"https:\/\/blogs.hoy.es\/senderosextremadura\/wp-json\/wp\/v2\/comments?post=3988"}],"version-history":[{"count":0,"href":"https:\/\/blogs.hoy.es\/senderosextremadura\/wp-json\/wp\/v2\/posts\/3988\/revisions"}],"wp:attachment":[{"href":"https:\/\/blogs.hoy.es\/senderosextremadura\/wp-json\/wp\/v2\/media?parent=3988"}],"wp:term":[{"taxonomy":"category","embeddable":true,"href":"https:\/\/blogs.hoy.es\/senderosextremadura\/wp-json\/wp\/v2\/categories?post=3988"},{"taxonomy":"post_tag","embeddable":true,"href":"https:\/\/blogs.hoy.es\/senderosextremadura\/wp-json\/wp\/v2\/tags?post=3988"}],"curies":[{"name":"wp","href":"https:\/\/api.w.org\/{rel}","templated":true}]}}