{"id":3991,"date":"2017-04-17T09:57:28","date_gmt":"2017-04-17T09:57:28","guid":{"rendered":"http:\/\/blogs.hoy.es\/senderosextremadura\/?p=3991"},"modified":"2017-04-17T09:57:28","modified_gmt":"2017-04-17T09:57:28","slug":"la-xii-primavera-en-la-dehesa-incluye-una-ruta-de-pozuelo-a-guijo-de-galisteo","status":"publish","type":"post","link":"https:\/\/blogs.hoy.es\/senderosextremadura\/2017\/04\/17\/la-xii-primavera-en-la-dehesa-incluye-una-ruta-de-pozuelo-a-guijo-de-galisteo\/","title":{"rendered":"La XII Primavera en la Dehesa incluye una ruta de Pozuelo a Guijo de Galisteo"},"content":{"rendered":"<p>&nbsp;<\/p>\n<p>El Valle del Alag\u00f3n celebra su <strong>XII Primavera en la Dehes<\/strong>a con el prop\u00f3sito de potenciar sus recursos naturales. En el marco de estas jornadas la localidad cacere\u00f1a de Pozuelo de Zarz\u00f3n acoge este s\u00e1bado 22 de abril una ruta de senderismo y un mercado artesano. <!--more-->La marcha comenzar\u00e1 a las 8.30 horas en Pozuelo y recorrer\u00e1 la dehesa, pasando por el Puente Romano, hasta llegar a Guijo de Galisteo. Ese mismo d\u00eda se celebra hasta las 14 horas el mercado artesano.<\/p>\n<p><a href=\"https:\/\/blogs.hoy.es\/senderosextremadura\/\"><img loading=\"lazy\" class=\"aligncenter size-large wp-image-3992\" title=\"\" src=\"\/senderosextremadura\/wp-content\/uploads\/sites\/22\/2017\/04\/disenoweb.jpg\" alt=\"\" width=\"600\" height=\"678\" srcset=\"https:\/\/static-blogs.hoy.es\/wp-content\/uploads\/sites\/22\/2017\/04\/disenoweb.jpg 700w, https:\/\/static-blogs.hoy.es\/wp-content\/uploads\/sites\/22\/2017\/04\/disenoweb-265x300.jpg 265w, https:\/\/static-blogs.hoy.es\/wp-content\/uploads\/sites\/22\/2017\/04\/disenoweb-600x678.jpg 600w\" sizes=\"(max-width: 600px) 100vw, 600px\" \/><\/a><\/p>\n<!-- AddThis Advanced Settings generic via filter on the_content --><!-- AddThis Share Buttons generic via filter on the_content -->","protected":false},"excerpt":{"rendered":"<p>&nbsp; El Valle del Alag\u00f3n celebra su XII Primavera en la Dehesa con el prop\u00f3sito de potenciar sus recursos naturales. En el marco de estas jornadas la localidad cacere\u00f1a de Pozuelo de Zarz\u00f3n acoge este s\u00e1bado 22 de abril una ruta de senderismo y un mercado artesano.<!-- AddThis Advanced Settings generic via filter on get_the_excerpt --><!-- AddThis Share Buttons generic via filter on get_the_excerpt --><\/p>\n","protected":false},"author":27,"featured_media":0,"comment_status":"open","ping_status":"closed","sticky":false,"template":"","format":"standard","meta":[],"categories":[3],"tags":[251,1132,1135,651,906,1059],"_links":{"self":[{"href":"https:\/\/blogs.hoy.es\/senderosextremadura\/wp-json\/wp\/v2\/posts\/3991"}],"collection":[{"href":"https:\/\/blogs.hoy.es\/senderosextremadura\/wp-json\/wp\/v2\/posts"}],"about":[{"href":"https:\/\/blogs.hoy.es\/senderosextremadura\/wp-json\/wp\/v2\/types\/post"}],"author":[{"embeddable":true,"href":"https:\/\/blogs.hoy.es\/senderosextremadura\/wp-json\/wp\/v2\/users\/27"}],"replies":[{"embeddable":true,"href":"https:\/\/blogs.hoy.es\/senderosextremadura\/wp-json\/wp\/v2\/comments?post=3991"}],"version-history":[{"count":0,"href":"https:\/\/blogs.hoy.es\/senderosextremadura\/wp-json\/wp\/v2\/posts\/3991\/revisions"}],"wp:attachment":[{"href":"https:\/\/blogs.hoy.es\/senderosextremadura\/wp-json\/wp\/v2\/media?parent=3991"}],"wp:term":[{"taxonomy":"category","embeddable":true,"href":"https:\/\/blogs.hoy.es\/senderosextremadura\/wp-json\/wp\/v2\/categories?post=3991"},{"taxonomy":"post_tag","embeddable":true,"href":"https:\/\/blogs.hoy.es\/senderosextremadura\/wp-json\/wp\/v2\/tags?post=3991"}],"curies":[{"name":"wp","href":"https:\/\/api.w.org\/{rel}","templated":true}]}}