{"id":3994,"date":"2017-04-18T11:55:39","date_gmt":"2017-04-18T11:55:39","guid":{"rendered":"http:\/\/blogs.hoy.es\/senderosextremadura\/?p=3994"},"modified":"2017-04-18T11:55:39","modified_gmt":"2017-04-18T11:55:39","slug":"por-la-vereda-del-lavadero-de-lanas-de-malpartida-de-caceres","status":"publish","type":"post","link":"https:\/\/blogs.hoy.es\/senderosextremadura\/2017\/04\/18\/por-la-vereda-del-lavadero-de-lanas-de-malpartida-de-caceres\/","title":{"rendered":"Por la vereda del Lavadero de Lanas de Malpartida de C\u00e1ceres"},"content":{"rendered":"<div id=\"attachment_3996\" style=\"width: 610px\" class=\"wp-caption aligncenter\"><a href=\"https:\/\/blogs.hoy.es\/senderosextremadura\/\"><img aria-describedby=\"caption-attachment-3996\" loading=\"lazy\" class=\"size-large wp-image-3996\" title=\"\" src=\"\/senderosextremadura\/wp-content\/uploads\/sites\/22\/2017\/04\/barruecos.jpg\" alt=\"\" width=\"600\" height=\"400\" srcset=\"https:\/\/static-blogs.hoy.es\/wp-content\/uploads\/sites\/22\/2017\/04\/barruecos.jpg 3504w, https:\/\/static-blogs.hoy.es\/wp-content\/uploads\/sites\/22\/2017\/04\/barruecos-300x200.jpg 300w, https:\/\/static-blogs.hoy.es\/wp-content\/uploads\/sites\/22\/2017\/04\/barruecos-768x512.jpg 768w, https:\/\/static-blogs.hoy.es\/wp-content\/uploads\/sites\/22\/2017\/04\/barruecos-600x400.jpg 600w\" sizes=\"(max-width: 600px) 100vw, 600px\" \/><\/a><p id=\"caption-attachment-3996\" class=\"wp-caption-text\">Pescando junto al Museo Vostell de Malpartida, en el antiguo lavadero:: LC.<\/p><\/div>\n<p>El domingo 23 de abril el centro de V\u00edas Pecuarias de Malpartida de C\u00e1ceres ha organizado una ruta por la vereda del Lavadero de Lanas con un desv\u00edo hasta el ecoparque.<\/p>\n<p>En \u00e9sta, se podr\u00e1 observar el comportamiento de las aves en un \u00e1rea de alimentaci\u00f3n no natural. Esta vereda coincide con el paso de cig\u00fce\u00f1as entre las \u00e1reas de alimentaci\u00f3n y de cr\u00eda situadas en las distintas colonias de Malpartida. Es un recorrido de 14 kil\u00f3metros y de dificultad baja, con una duraci\u00f3n de cuatro horas aproximadamente. El plazo de inscripci\u00f3n estar\u00e1 disponible hasta el jueves 20 de abril.<\/p>\n<p>El recorrido transcurrir\u00e1 desde el aparcamiento del Monumento Natural de Los Barruecos a las 9.30 horas que pasar\u00e1 por la Calleja de Hija de Vaca hasta las Pasaderas del R\u00edo Salor. A continuaci\u00f3n, se tomar\u00e1 el camino a la Puebla de Obando hasta las inmediaciones del ecoparque. Ser\u00e1 una ruta por ecosistemas de llanos, riberas y dehesas de encinas.<\/p>\n<p>Es una actividad enmarcada dentro del programa de la XXVIII Semana de la Cig\u00fce\u00f1a.<\/p>\n<p>Informa: Laura S\u00e1nchez<\/p>\n<!-- AddThis Advanced Settings generic via filter on the_content --><!-- AddThis Share Buttons generic via filter on the_content -->","protected":false},"excerpt":{"rendered":"<p>El domingo 23 de abril el centro de V\u00edas Pecuarias de Malpartida de C\u00e1ceres ha organizado una ruta por la vereda del Lavadero de Lanas con un desv\u00edo hasta el ecoparque. En \u00e9sta, se podr\u00e1 observar el comportamiento de las aves en un \u00e1rea de alimentaci\u00f3n no natural. Esta vereda coincide con el paso de [&hellip;]<!-- AddThis Advanced Settings generic via filter on get_the_excerpt --><!-- AddThis Share Buttons generic via filter on get_the_excerpt --><\/p>\n","protected":false},"author":27,"featured_media":0,"comment_status":"open","ping_status":"closed","sticky":false,"template":"","format":"standard","meta":[],"categories":[3],"tags":[1134,476,821,906],"_links":{"self":[{"href":"https:\/\/blogs.hoy.es\/senderosextremadura\/wp-json\/wp\/v2\/posts\/3994"}],"collection":[{"href":"https:\/\/blogs.hoy.es\/senderosextremadura\/wp-json\/wp\/v2\/posts"}],"about":[{"href":"https:\/\/blogs.hoy.es\/senderosextremadura\/wp-json\/wp\/v2\/types\/post"}],"author":[{"embeddable":true,"href":"https:\/\/blogs.hoy.es\/senderosextremadura\/wp-json\/wp\/v2\/users\/27"}],"replies":[{"embeddable":true,"href":"https:\/\/blogs.hoy.es\/senderosextremadura\/wp-json\/wp\/v2\/comments?post=3994"}],"version-history":[{"count":0,"href":"https:\/\/blogs.hoy.es\/senderosextremadura\/wp-json\/wp\/v2\/posts\/3994\/revisions"}],"wp:attachment":[{"href":"https:\/\/blogs.hoy.es\/senderosextremadura\/wp-json\/wp\/v2\/media?parent=3994"}],"wp:term":[{"taxonomy":"category","embeddable":true,"href":"https:\/\/blogs.hoy.es\/senderosextremadura\/wp-json\/wp\/v2\/categories?post=3994"},{"taxonomy":"post_tag","embeddable":true,"href":"https:\/\/blogs.hoy.es\/senderosextremadura\/wp-json\/wp\/v2\/tags?post=3994"}],"curies":[{"name":"wp","href":"https:\/\/api.w.org\/{rel}","templated":true}]}}