{"id":4,"date":"2012-02-23T10:20:09","date_gmt":"2012-02-23T10:20:09","guid":{"rendered":"http:\/\/blogs.hoy.es\/senderosextremadura\/?p=4"},"modified":"2012-02-23T10:20:09","modified_gmt":"2012-02-23T10:20:09","slug":"nace-el-blog-senderos-de-extremadura","status":"publish","type":"post","link":"https:\/\/blogs.hoy.es\/senderosextremadura\/2012\/02\/23\/nace-el-blog-senderos-de-extremadura\/","title":{"rendered":"Nace el blog Senderos de Extremadura"},"content":{"rendered":"<h2><a href=\"\/senderosextremadura\/wp-content\/uploads\/sites\/22\/2012\/02\/sendeross.jpg\"><img loading=\"lazy\" class=\"size-medium wp-image-5 alignright\" title=\"Nace Senderos de Extremadura\" src=\"\/senderosextremadura\/wp-content\/uploads\/sites\/22\/2012\/02\/sendeross.jpg\" alt=\"\" width=\"368\" height=\"490\" \/><\/a>Ruteros, senderistas, caminantes, amantes de la <strong>naturaleza extreme\u00f1a<\/strong> en general&#8230; para vosotros nace el blog Senderos de Extremadura. Un espacio para compartir rutas, experiencias e im\u00e1genes de los impresionantes paisajes de una regi\u00f3n llena de vericuetos abiertos al disfrute al aire libre. Un lugar id\u00f3neo para comentar las rutas, proponer quedadas o dar consejos y recomendaciones. Tambi\u00e9n podr\u00e1s enviar las fotos de paisajes y ruteros a <a href=\"http:\/\/mailto:edigitales@hoy.es\" rel=\"external nofollow\"><strong>edigitales@hoy.es<\/strong><\/a> para compartirlas con todos los lectores de <a href=\"www.hoy.es\"><strong>HOY.es<\/strong><\/a>. O bien, subirlas directamente a nuestro portal fotogr\u00e1fico <a href=\"http:\/\/www.objetivoextremadura.com\" rel=\"external nofollow\"><strong>Objetivo Extremadura<\/strong><\/a>.<\/h2>\n<h2>Semanalmente publicaremos aqu\u00ed una ruta recomendada para el fin de semana. Para ello contaremos con la colaboraci\u00f3n de la <a href=\"http:\/\/www.fexme.com\/portal\/Inicio\/tabid\/36\/Default.aspx\" rel=\"external nofollow\"><strong>FEXME<\/strong><\/a> (Federaci\u00f3n Extreme\u00f1a de Monta\u00f1a y Escalada), as\u00ed como con todas aquellas asociaciones senderistas de la regi\u00f3n dispuestas a compartir sus programas con todos los aficionados a este deporte.<\/h2>\n<p>&nbsp;<\/p>\n<h2>Consulta el calendario del <strong><a href=\"https:\/\/blogs.hoy.es\/senderosextremadura\/2012\/02\/23\/calendario-del-circuito-extremeno-de-rutas-senderistas\/\">Circuito Extreme\u00f1o de Rutas Senderistas.<\/a><\/strong><\/h2>\n<p>&nbsp;<\/p>\n<h2>Domingo 26 de febrero: <a href=\"https:\/\/blogs.hoy.es\/senderosextremadura\/2012\/02\/23\/te-proponemos-la-subida-a-la-sierra-de-alor\/\">Subida a la Sierra de Alor, Olivenza<\/a>.<\/h2>\n<h2>Domingo 26 de febrero: <a href=\"https:\/\/blogs.hoy.es\/senderosextremadura\/2012\/02\/24\/recorre-los-barruecos-con-el-club-del-caminante-de-badajoz-26-febrero\/\">Recorre Los Barruecos con el Club del Caminante de Badajoz.<\/a><\/h2>\n<h2>\u00a0Domingo 26 de febrero:\u00a0<a href=\"https:\/\/blogs.hoy.es\/senderosextremadura\/2012\/02\/24\/marcha-por-las-beatillas-de-jerez-26-de-febrero\/\">Ruta de las Beatillas de Jerez de los Caballeros.<\/a><\/h2>\n<p>&nbsp;<\/p>\n<p>&nbsp;<\/p>\n<p><strong>PARTICIPA EN SENDEROS DE EXTREMADURA: Env\u00edanos tu ruta a <a href=\"mailto:senderismoextremadurahoy@gmail.com\" target=\"_blank\">senderismoextremadurahoy@gmail.com<\/a><\/strong><\/p>\n<p>&nbsp;<\/p>\n<p>&nbsp;<\/p>\n<!-- AddThis Advanced Settings generic via filter on the_content --><!-- AddThis Share Buttons generic via filter on the_content -->","protected":false},"excerpt":{"rendered":"<p>Ruteros, senderistas, caminantes, amantes de la naturaleza extreme\u00f1a en general&#8230; para vosotros nace el blog Senderos de Extremadura. Un espacio para compartir rutas, experiencias e im\u00e1genes de los impresionantes paisajes de una regi\u00f3n llena de vericuetos abiertos al disfrute al aire libre. Un lugar id\u00f3neo para comentar las rutas, proponer quedadas o dar consejos y [&hellip;]<!-- AddThis Advanced Settings generic via filter on get_the_excerpt --><!-- AddThis Share Buttons generic via filter on get_the_excerpt --><\/p>\n","protected":false},"author":27,"featured_media":0,"comment_status":"open","ping_status":"closed","sticky":false,"template":"","format":"standard","meta":[],"categories":[3],"tags":[253,301,529,578,791,792,906,1039],"_links":{"self":[{"href":"https:\/\/blogs.hoy.es\/senderosextremadura\/wp-json\/wp\/v2\/posts\/4"}],"collection":[{"href":"https:\/\/blogs.hoy.es\/senderosextremadura\/wp-json\/wp\/v2\/posts"}],"about":[{"href":"https:\/\/blogs.hoy.es\/senderosextremadura\/wp-json\/wp\/v2\/types\/post"}],"author":[{"embeddable":true,"href":"https:\/\/blogs.hoy.es\/senderosextremadura\/wp-json\/wp\/v2\/users\/27"}],"replies":[{"embeddable":true,"href":"https:\/\/blogs.hoy.es\/senderosextremadura\/wp-json\/wp\/v2\/comments?post=4"}],"version-history":[{"count":0,"href":"https:\/\/blogs.hoy.es\/senderosextremadura\/wp-json\/wp\/v2\/posts\/4\/revisions"}],"wp:attachment":[{"href":"https:\/\/blogs.hoy.es\/senderosextremadura\/wp-json\/wp\/v2\/media?parent=4"}],"wp:term":[{"taxonomy":"category","embeddable":true,"href":"https:\/\/blogs.hoy.es\/senderosextremadura\/wp-json\/wp\/v2\/categories?post=4"},{"taxonomy":"post_tag","embeddable":true,"href":"https:\/\/blogs.hoy.es\/senderosextremadura\/wp-json\/wp\/v2\/tags?post=4"}],"curies":[{"name":"wp","href":"https:\/\/api.w.org\/{rel}","templated":true}]}}