{"id":400,"date":"2012-04-18T15:15:34","date_gmt":"2012-04-18T15:15:34","guid":{"rendered":"http:\/\/blogs.hoy.es\/senderosextremadura\/?p=400"},"modified":"2012-04-18T15:15:34","modified_gmt":"2012-04-18T15:15:34","slug":"villar-del-rey-acoge-la-xi-fiesta-de-la-trashumancia-28-y-29-de-abril","status":"publish","type":"post","link":"https:\/\/blogs.hoy.es\/senderosextremadura\/2012\/04\/18\/villar-del-rey-acoge-la-xi-fiesta-de-la-trashumancia-28-y-29-de-abril\/","title":{"rendered":"Villar del Rey acoge la XI Fiesta de la Trashumancia (28 y 29 de abril)"},"content":{"rendered":"<h2><a href=\"https:\/\/blogs.hoy.es\/senderosextremadura\/2012\/04\/18\/villar-del-rey-acoge-la-xi-fiesta-de-la-trashumancia-28-y-29-de-abril\/trashumante\/\" rel=\"attachment wp-att-401\"><img loading=\"lazy\" class=\"alignleft size-large wp-image-401\" title=\"trashumante\" src=\"\/senderosextremadura\/wp-content\/uploads\/sites\/22\/2012\/04\/trashumante.jpg\" alt=\"\" width=\"516\" height=\"258\" srcset=\"https:\/\/static-blogs.hoy.es\/wp-content\/uploads\/sites\/22\/2012\/04\/trashumante.jpg 800w, https:\/\/static-blogs.hoy.es\/wp-content\/uploads\/sites\/22\/2012\/04\/trashumante-300x150.jpg 300w, https:\/\/static-blogs.hoy.es\/wp-content\/uploads\/sites\/22\/2012\/04\/trashumante-768x384.jpg 768w, https:\/\/static-blogs.hoy.es\/wp-content\/uploads\/sites\/22\/2012\/04\/trashumante-600x300.jpg 600w\" sizes=\"(max-width: 516px) 100vw, 516px\" \/><\/a>Durante siglos los pastores trashumantes han realizado movimientos migratorios siguiendo el curso de las estaciones, dando origen a un sistema de aprovechamientos de los pastos en zonas geogr\u00e1ficas muy diferentes, las monta\u00f1as del norte y las dehesas del oeste y sur de la Pen\u00ednsula Ib\u00e9rica.<\/h2>\n<h2>Para mantener vivos los valores de esta tradici\u00f3n secular y esta forma de vida, como viene siendo habitual cada primavera, los<strong> vecinos de Villar del Rey<\/strong> sienten el trasiego de reba\u00f1os y pastores y comienzan los preparativos para la gran marcha a trav\u00e9s de ca\u00f1adas y cordeles.<\/h2>\n<h2>Este a\u00f1o, los d\u00edas <strong>28 y 29 de abril<\/strong>, se celebra la <strong>XI edici\u00f3n de la Fiesta de la Trashumancia<\/strong>, un fin de semana repleto de actividades. El s\u00e1bado por la ma\u00f1ana a las 10,30 h., en el recinto ferial, habr\u00e1 una \u201cmuestra de mastines\u201d a cargo de miembros de la Delegaci\u00f3n Extreme\u00f1a de la Asociaci\u00f3n Espa\u00f1ola del Perro Mast\u00edn Espa\u00f1ol (AEPME), donde numerosos criadores nos asombrar\u00e1n con sus magn\u00edfic. A continuaci\u00f3n se realizar\u00e1n visitas guiadas al \u201cPozo de la Nieve\u201d, edificio hist\u00f3rico de Villar del Rey declarado Bien de Inter\u00e9s Cultural, que est\u00e1 a la vera de la ca\u00f1ada y se considera el mejor conservado de nuestra comunidad extreme\u00f1a. Despu\u00e9s, la hora del buen yantar, recorrido gastron\u00f3mico, donde los diferentes bares de la localidad nos ofrecer\u00e1n tapas y raciones de gran sabor tradicional y a precios populares. Por la tarde, sobre las 16,30horas, la Asociaci\u00f3n Ecuestre de Villar del Rey \u201cAmigos del Caballo\u201d realizar\u00e1 una exhibici\u00f3n de doma y una, en el recinto ferial. Por la tarde, a las 18,30 h. la Asociaci\u00f3n Flor de la Jara, de la localidad, llevar\u00e1 a cabo un Taller Educativo Infantil dedicado a la trashumancia y las v\u00edas pecuarias, esta actividad se realizar\u00e1 en la Plaza de Espa\u00f1a. A continuaci\u00f3n, a las 20 h. componentes de la Asociaci\u00f3n Espa\u00f1ola del Perro Mast\u00edn Espa\u00f1ol (AEPME), dar\u00e1n una conferencia dedicada a la \u00edntima relaci\u00f3n de los mastines con los pastores y sus reba\u00f1os. Y para acabar la jornada, a las 22 h.\u00a0 habr\u00e1 una serie de actuaciones musicales a cargo de alumnos de la Escuela Municipal de M\u00fasica\u00a0 y de artistas locales.<\/h2>\n<h2><span style=\"text-decoration: underline;\"><a href=\"https:\/\/blogs.hoy.es\/senderosextremadura\/2012\/04\/18\/villar-del-rey-acoge-la-xi-fiesta-de-la-trashumancia-28-y-29-de-abril\/ruta-villar\/\" rel=\"attachment wp-att-403\"><img loading=\"lazy\" class=\"alignleft size-large wp-image-403\" title=\"ruta-villar\" src=\"\/senderosextremadura\/wp-content\/uploads\/sites\/22\/2012\/04\/ruta-villar.jpg\" alt=\"\" width=\"600\" height=\"234\" srcset=\"https:\/\/static-blogs.hoy.es\/wp-content\/uploads\/sites\/22\/2012\/04\/ruta-villar.jpg 1280w, https:\/\/static-blogs.hoy.es\/wp-content\/uploads\/sites\/22\/2012\/04\/ruta-villar-300x117.jpg 300w, https:\/\/static-blogs.hoy.es\/wp-content\/uploads\/sites\/22\/2012\/04\/ruta-villar-768x300.jpg 768w, https:\/\/static-blogs.hoy.es\/wp-content\/uploads\/sites\/22\/2012\/04\/ruta-villar-600x234.jpg 600w\" sizes=\"(max-width: 600px) 100vw, 600px\" \/><\/a>Traslado del reba\u00f1o a la fuente del Pilar<\/span><\/h2>\n<h2>El domingo 29, a las 8.30 de la ma\u00f1ana,\u00a0 se traslada el reba\u00f1o a la fuente del Pilar y se desayuna con unas migas al estilo de los pastores. Despu\u00e9s los participantes junto con el reba\u00f1o, hacen un recorrido por diversas calles de la poblaci\u00f3n, que forman parte de la ca\u00f1ada Sancha Brava, acerc\u00e1ndose despu\u00e9s al abrevadero del Pozo Ladri\u00e1n, donde all\u00ed se realizan diversas actividades relacionadas con el oficio de los pastores; se esquilan las ovejas a tijera y a m\u00e1quina, se orde\u00f1an las cabras, se hace el queso de forma tradicional, se marcan las ovejas con el hierro del due\u00f1o, se pela un burro, se realiza una breve visita a la encina la Tablada, considerada la m\u00e1s grande del t\u00e9rmino municipal. M\u00e1s tarde se hace una ruta, para conocer las v\u00edas pecuarias de la zona, hasta el puente del arroyo de Guerrero de <strong>7 Kil\u00f3metros ida y vuelta<\/strong>. Se regresa de nuevo al abrevadero, donde tiene lugar la comida y el descanso y partimos hacia el pueblo.<\/h2>\n<p><strong>Organiza: Grupo Senderista de Villar del Rey<\/strong><\/p>\n<p><strong>Patrocina: Ayuntamiento de Villar del Rey<\/strong><\/p>\n<p><strong>Colaboran: Mancomunidad Integral L\u00e1cara-Los Bald\u00edos<\/strong><\/p>\n<p><strong>AEPME (Asociaci\u00f3n Espa\u00f1ola del Perro Mast\u00edn)<\/strong><\/p>\n<p><strong>Centro de Informaci\u00f3n y Documentaci\u00f3n de V\u00edas Pecuarias (Malpartida de C\u00e1ceres)<\/strong><\/p>\n<p>&nbsp;<\/p>\n<p><strong><span style=\"text-decoration: underline;\">INFORMACI\u00d3N DE LA RUTA<\/span><br \/>\n<\/strong><\/p>\n<p><strong>676165268<\/strong><\/p>\n<p><strong>670631687<\/strong><\/p>\n<p><strong>www.villardelreyenruta.blogspot.com<\/strong><\/p>\n<p>&nbsp;<\/p>\n<p>Env\u00eda tu ruta y tus fotos a <a href=\"mailto:senderismoextremadurahoy@gmail.com\"><strong>senderismoextremadurahoy@gmail.com<\/strong><\/a><\/p>\n<!-- AddThis Advanced Settings generic via filter on the_content --><!-- AddThis Share Buttons generic via filter on the_content -->","protected":false},"excerpt":{"rendered":"<p>Durante siglos los pastores trashumantes han realizado movimientos migratorios siguiendo el curso de las estaciones, dando origen a un sistema de aprovechamientos de los pastos en zonas geogr\u00e1ficas muy diferentes, las monta\u00f1as del norte y las dehesas del oeste y sur de la Pen\u00ednsula Ib\u00e9rica. Para mantener vivos los valores de esta tradici\u00f3n secular y [&hellip;]<!-- AddThis Advanced Settings generic via filter on get_the_excerpt --><!-- AddThis Share Buttons generic via filter on get_the_excerpt --><\/p>\n","protected":false},"author":27,"featured_media":0,"comment_status":"open","ping_status":"closed","sticky":false,"template":"","format":"standard","meta":[],"categories":[4],"tags":[425,606,688,713,1027,1089],"_links":{"self":[{"href":"https:\/\/blogs.hoy.es\/senderosextremadura\/wp-json\/wp\/v2\/posts\/400"}],"collection":[{"href":"https:\/\/blogs.hoy.es\/senderosextremadura\/wp-json\/wp\/v2\/posts"}],"about":[{"href":"https:\/\/blogs.hoy.es\/senderosextremadura\/wp-json\/wp\/v2\/types\/post"}],"author":[{"embeddable":true,"href":"https:\/\/blogs.hoy.es\/senderosextremadura\/wp-json\/wp\/v2\/users\/27"}],"replies":[{"embeddable":true,"href":"https:\/\/blogs.hoy.es\/senderosextremadura\/wp-json\/wp\/v2\/comments?post=400"}],"version-history":[{"count":0,"href":"https:\/\/blogs.hoy.es\/senderosextremadura\/wp-json\/wp\/v2\/posts\/400\/revisions"}],"wp:attachment":[{"href":"https:\/\/blogs.hoy.es\/senderosextremadura\/wp-json\/wp\/v2\/media?parent=400"}],"wp:term":[{"taxonomy":"category","embeddable":true,"href":"https:\/\/blogs.hoy.es\/senderosextremadura\/wp-json\/wp\/v2\/categories?post=400"},{"taxonomy":"post_tag","embeddable":true,"href":"https:\/\/blogs.hoy.es\/senderosextremadura\/wp-json\/wp\/v2\/tags?post=400"}],"curies":[{"name":"wp","href":"https:\/\/api.w.org\/{rel}","templated":true}]}}