{"id":4001,"date":"2017-04-20T10:46:02","date_gmt":"2017-04-20T10:46:02","guid":{"rendered":"http:\/\/blogs.hoy.es\/senderosextremadura\/?p=4001"},"modified":"2017-04-20T10:46:02","modified_gmt":"2017-04-20T10:46:02","slug":"1-300-personas-participara-en-la-ruta-del-rey-jayon-que-se-adelanta-al-domingo","status":"publish","type":"post","link":"https:\/\/blogs.hoy.es\/senderosextremadura\/2017\/04\/20\/1-300-personas-participara-en-la-ruta-del-rey-jayon-que-se-adelanta-al-domingo\/","title":{"rendered":"1.300 personas participar\u00e1 en la ruta del Rey Jay\u00f3n, que se adelanta al domingo"},"content":{"rendered":"<p><a href=\"https:\/\/blogs.hoy.es\/senderosextremadura\/2017\/04\/20\/1-300-personas-participara-en-la-ruta-del-rey-jayon-que-se-adelanta-al-domingo\/jayona-grande\/\" rel=\"attachment wp-att-4003\"><img loading=\"lazy\" class=\"aligncenter size-large wp-image-4003\" title=\"\" src=\"\/senderosextremadura\/wp-content\/uploads\/sites\/22\/2017\/04\/jayona-grande.jpg\" alt=\"\" width=\"600\" height=\"214\" srcset=\"https:\/\/static-blogs.hoy.es\/wp-content\/uploads\/sites\/22\/2017\/04\/jayona-grande.jpg 647w, https:\/\/static-blogs.hoy.es\/wp-content\/uploads\/sites\/22\/2017\/04\/jayona-grande-300x107.jpg 300w, https:\/\/static-blogs.hoy.es\/wp-content\/uploads\/sites\/22\/2017\/04\/jayona-grande-600x214.jpg 600w\" sizes=\"(max-width: 600px) 100vw, 600px\" \/><\/a><\/p>\n<p>Una de las rutas senderistas &#8220;m\u00e1s atractivas&#8221; de Extremadura, la del Rey Jay\u00f3n, y que ya cuenta con m\u00e1s de 1.300 inscritos procedentes de toda la regi\u00f3n y de distintos puntos de Espa\u00f1a, se celebrar\u00e1 el pr\u00f3ximo domingo, 23 de abril.<\/p>\n<p>Con ello se rompe con la tradici\u00f3n de que dicha dicha se celebre el \u00faltimo domingo de este mes de abril, para no coincidir as\u00ed con el puente del 1 de mayo.<!--more--><\/p>\n<p>De este modo se ha puesto de manifiesto durante la presentaci\u00f3n este jueves del evento en la Diputaci\u00f3n de Badajoz por parte de la vicepresidenta primera de la instituci\u00f3n provincial pacense, Virginia Borrallo; el teniente de alcalde de Llerena y diputado provincial, Jos\u00e9 Francisco Casta\u00f1o; el alcalde de Trasierra, Jos\u00e9 Bernardo Le\u00f3n, y el presidente de la Asociaci\u00f3n Astoll, Marcelino Montero, organizadora de la ruta.<\/p>\n<p>La peculiaridad de esta actividad es que mezcla senderismo con visitas al patrimonio hist\u00f3rico de cinco localidades de la Campi\u00f1a Sur, en concreto, Llerena, Fuente del Arco, Reina, Casas de Reina y Trasierra.<\/p>\n<p>Es un recorrido de 24 kil\u00f3metros de dificultad media que parte desde el centro de Llerena, donde los participantes son trasladados al monumento natural Mina de la Jayona desde donde parte la ruta.<\/p>\n<p>As\u00ed, por tierras de la Campi\u00f1a Sur, los senderistas visitan entre otros monumentos el Santuario de Nuestra Se\u00f1ora del Ara, la alcazaba de Reina, la ciudad romana de Regina y el amplio patrimonio arquitect\u00f3nico e hist\u00f3rico de Llerena, donde finaliza el recorrido, se\u00f1ala en nota de prensa la diputaci\u00f3n pacense.<\/p>\n<p>Seg\u00fan han explicado los organizadores, a fecha de hoy hay m\u00e1s de 1.300 inscripciones para una actividad no competitiva en la que colabora la Diputaci\u00f3n de Badajoz a trav\u00e9s de su \u00c1rea de Desarrollo Local y del Patronato de Turismo y Tauromaquia.<\/p>\n<p>Asimismo, habr\u00e1 tres puntos de avituallamiento durante el recorrido con agua y frutas, y al finalizar en Llerena se abrir\u00e1n las puertas del ayuntamiento para poder degustar en su patio gazpacho y embutidos.<\/p>\n<!-- AddThis Advanced Settings generic via filter on the_content --><!-- AddThis Share Buttons generic via filter on the_content -->","protected":false},"excerpt":{"rendered":"<p>Una de las rutas senderistas &#8220;m\u00e1s atractivas&#8221; de Extremadura, la del Rey Jay\u00f3n, y que ya cuenta con m\u00e1s de 1.300 inscritos procedentes de toda la regi\u00f3n y de distintos puntos de Espa\u00f1a, se celebrar\u00e1 el pr\u00f3ximo domingo, 23 de abril. Con ello se rompe con la tradici\u00f3n de que dicha dicha se celebre el [&hellip;]<!-- AddThis Advanced Settings generic via filter on get_the_excerpt --><!-- AddThis Share Buttons generic via filter on get_the_excerpt --><\/p>\n","protected":false},"author":27,"featured_media":0,"comment_status":"open","ping_status":"closed","sticky":false,"template":"","format":"standard","meta":[],"categories":[3],"tags":[143,748],"_links":{"self":[{"href":"https:\/\/blogs.hoy.es\/senderosextremadura\/wp-json\/wp\/v2\/posts\/4001"}],"collection":[{"href":"https:\/\/blogs.hoy.es\/senderosextremadura\/wp-json\/wp\/v2\/posts"}],"about":[{"href":"https:\/\/blogs.hoy.es\/senderosextremadura\/wp-json\/wp\/v2\/types\/post"}],"author":[{"embeddable":true,"href":"https:\/\/blogs.hoy.es\/senderosextremadura\/wp-json\/wp\/v2\/users\/27"}],"replies":[{"embeddable":true,"href":"https:\/\/blogs.hoy.es\/senderosextremadura\/wp-json\/wp\/v2\/comments?post=4001"}],"version-history":[{"count":0,"href":"https:\/\/blogs.hoy.es\/senderosextremadura\/wp-json\/wp\/v2\/posts\/4001\/revisions"}],"wp:attachment":[{"href":"https:\/\/blogs.hoy.es\/senderosextremadura\/wp-json\/wp\/v2\/media?parent=4001"}],"wp:term":[{"taxonomy":"category","embeddable":true,"href":"https:\/\/blogs.hoy.es\/senderosextremadura\/wp-json\/wp\/v2\/categories?post=4001"},{"taxonomy":"post_tag","embeddable":true,"href":"https:\/\/blogs.hoy.es\/senderosextremadura\/wp-json\/wp\/v2\/tags?post=4001"}],"curies":[{"name":"wp","href":"https:\/\/api.w.org\/{rel}","templated":true}]}}