{"id":4007,"date":"2017-04-24T15:59:15","date_gmt":"2017-04-24T15:59:15","guid":{"rendered":"http:\/\/blogs.hoy.es\/senderosextremadura\/?p=4007"},"modified":"2017-04-24T15:59:15","modified_gmt":"2017-04-24T15:59:15","slug":"subida-al-refugio-nuestra-senora-de-las-nieves","status":"publish","type":"post","link":"https:\/\/blogs.hoy.es\/senderosextremadura\/2017\/04\/24\/subida-al-refugio-nuestra-senora-de-las-nieves\/","title":{"rendered":"Subida al Refugio Nuestra Se\u00f1ora de las Nieves"},"content":{"rendered":"<p><a href=\"https:\/\/blogs.hoy.es\/senderosextremadura\/\"><img loading=\"lazy\" class=\"aligncenter size-large wp-image-4009\" title=\"\" src=\"\/senderosextremadura\/wp-content\/uploads\/sites\/22\/2017\/04\/guijo.jpg\" alt=\"\" width=\"600\" height=\"400\" srcset=\"https:\/\/static-blogs.hoy.es\/wp-content\/uploads\/sites\/22\/2017\/04\/guijo.jpg 1701w, https:\/\/static-blogs.hoy.es\/wp-content\/uploads\/sites\/22\/2017\/04\/guijo-300x200.jpg 300w, https:\/\/static-blogs.hoy.es\/wp-content\/uploads\/sites\/22\/2017\/04\/guijo-768x512.jpg 768w, https:\/\/static-blogs.hoy.es\/wp-content\/uploads\/sites\/22\/2017\/04\/guijo-600x400.jpg 600w\" sizes=\"(max-width: 600px) 100vw, 600px\" \/><\/a><\/p>\n<p>ZonaViaje ha programado una ruta al <strong>Refugio de Nuestra Se\u00f1ora de las Nieves<\/strong>, en la comarca de La Vera. La marcha se realizar\u00e1 el pr\u00f3ximo domingo 30 de abril. Se trata de un recorrido de <strong>12,50 km y dificultad media<\/strong>. El desnivel acumulado hasta subir al refugio de Guijo de Santa B\u00e1rbara, el pueblo m\u00e1s alto de la comarca, es de \u00a0762 metros de ascenso. \u00a0<!--more-->Habr\u00e1 <strong>salidas en autob\u00fas desde Badajoz, M\u00e9rida y C\u00e1ceres<\/strong>. El regreso tendr\u00e1 lugar a las 18 horas desde Guijo de Santa B\u00e1rbara. El precio de inscripci\u00f3n es de 20 euros e incluye traslados, gu\u00edas titulados y seguros. Las plazas son limitadas.M\u00e1s informaci\u00f3n en 924 262 762, WhatsApp (655 851 496) o v\u00eda mail en info@zonaviaje.com.<\/p>\n<!-- AddThis Advanced Settings generic via filter on the_content --><!-- AddThis Share Buttons generic via filter on the_content -->","protected":false},"excerpt":{"rendered":"<p>ZonaViaje ha programado una ruta al Refugio de Nuestra Se\u00f1ora de las Nieves, en la comarca de La Vera. La marcha se realizar\u00e1 el pr\u00f3ximo domingo 30 de abril. Se trata de un recorrido de 12,50 km y dificultad media. El desnivel acumulado hasta subir al refugio de Guijo de Santa B\u00e1rbara, el pueblo m\u00e1s [&hellip;]<!-- AddThis Advanced Settings generic via filter on get_the_excerpt --><!-- AddThis Share Buttons generic via filter on get_the_excerpt --><\/p>\n","protected":false},"author":27,"featured_media":0,"comment_status":"open","ping_status":"closed","sticky":false,"template":"","format":"standard","meta":[],"categories":[3],"tags":[374,1137,821,836],"_links":{"self":[{"href":"https:\/\/blogs.hoy.es\/senderosextremadura\/wp-json\/wp\/v2\/posts\/4007"}],"collection":[{"href":"https:\/\/blogs.hoy.es\/senderosextremadura\/wp-json\/wp\/v2\/posts"}],"about":[{"href":"https:\/\/blogs.hoy.es\/senderosextremadura\/wp-json\/wp\/v2\/types\/post"}],"author":[{"embeddable":true,"href":"https:\/\/blogs.hoy.es\/senderosextremadura\/wp-json\/wp\/v2\/users\/27"}],"replies":[{"embeddable":true,"href":"https:\/\/blogs.hoy.es\/senderosextremadura\/wp-json\/wp\/v2\/comments?post=4007"}],"version-history":[{"count":0,"href":"https:\/\/blogs.hoy.es\/senderosextremadura\/wp-json\/wp\/v2\/posts\/4007\/revisions"}],"wp:attachment":[{"href":"https:\/\/blogs.hoy.es\/senderosextremadura\/wp-json\/wp\/v2\/media?parent=4007"}],"wp:term":[{"taxonomy":"category","embeddable":true,"href":"https:\/\/blogs.hoy.es\/senderosextremadura\/wp-json\/wp\/v2\/categories?post=4007"},{"taxonomy":"post_tag","embeddable":true,"href":"https:\/\/blogs.hoy.es\/senderosextremadura\/wp-json\/wp\/v2\/tags?post=4007"}],"curies":[{"name":"wp","href":"https:\/\/api.w.org\/{rel}","templated":true}]}}