{"id":4010,"date":"2017-04-24T17:17:44","date_gmt":"2017-04-24T17:17:44","guid":{"rendered":"http:\/\/blogs.hoy.es\/senderosextremadura\/?p=4010"},"modified":"2017-04-24T17:17:44","modified_gmt":"2017-04-24T17:17:44","slug":"ruta-por-el-cordel-de-barbano","status":"publish","type":"post","link":"https:\/\/blogs.hoy.es\/senderosextremadura\/2017\/04\/24\/ruta-por-el-cordel-de-barbano\/","title":{"rendered":"La XI Ruta Vegas Bajas recorrer\u00e1 el Cordel de Barba\u00f1o"},"content":{"rendered":"<p><a href=\"https:\/\/blogs.hoy.es\/senderosextremadura\/2017\/\"><img loading=\"lazy\" class=\"aligncenter size-large wp-image-4012\" title=\"\" src=\"\/senderosextremadura\/wp-content\/uploads\/sites\/22\/2017\/04\/IX-RUTA-SENDERISTA-VEGAS-BAJAS.jpg\" alt=\"\" width=\"600\" height=\"315\" srcset=\"https:\/\/static-blogs.hoy.es\/wp-content\/uploads\/sites\/22\/2017\/04\/IX-RUTA-SENDERISTA-VEGAS-BAJAS.jpg 1138w, https:\/\/static-blogs.hoy.es\/wp-content\/uploads\/sites\/22\/2017\/04\/IX-RUTA-SENDERISTA-VEGAS-BAJAS-300x158.jpg 300w, https:\/\/static-blogs.hoy.es\/wp-content\/uploads\/sites\/22\/2017\/04\/IX-RUTA-SENDERISTA-VEGAS-BAJAS-768x404.jpg 768w, https:\/\/static-blogs.hoy.es\/wp-content\/uploads\/sites\/22\/2017\/04\/IX-RUTA-SENDERISTA-VEGAS-BAJAS-600x315.jpg 600w\" sizes=\"(max-width: 600px) 100vw, 600px\" \/><\/a><\/p>\n<p>El <strong>Grupo Senderista Vegas Bajas<\/strong> ha programado para el domingo 7 de mayo una <strong>ruta por el Cordel de Barba\u00f1o &#8216;Los Arenales&#8217;<\/strong>.\u00a0<!--more--><\/p>\n<p>La ruta transcurrir\u00e1 por las inmediaciones de la localidad de Montijo, recorriendo los caminos antiguos como el cordel de Barba\u00f1o, camino viejo a Puebla de Obando, La Centinela, San Gregorio, vereda color\u00e1 y camino hacia el pe\u00f1\u00f3n pasando por Las Colonias penitenciarias.<br \/>\nLa ruta es circular con una dificultad media-baja, de 20 Km. aproximadamente, habiendo una ruta alternativa de unos 10 Km., partiendo y regresando ambas desde la caseta municipal de Montijo sita en la avenida de la estaci\u00f3n.<br \/>\nLa ruta est\u00e1 se\u00f1alizada con carteles provisionales y cintas marca campos, situada en vallas, \u00e1rboles y puntos visibles en los cruces.<br \/>\nLa concentraci\u00f3n ser\u00e1 en la referida caseta, sobre las 8:30 horas, donde recibiremos a los participantes y la salida a las 9:30 horas.<br \/>\nTodas aquellas personas que deseen participar han de inscribirse previamente, el coste de dicha participaci\u00f3n es de: Socios Grupo Senderista Vegas Bajas: 3 euros.<br \/>\nNo socios: 5 euros.<br \/>\nIncluye: Seguro de accidente, regalo, desayuno, avituallamiento y comida final.<\/p>\n<p>M\u00e1s informaci\u00f3n, en la <a href=\"https:\/\/sites.google.com\/site\/gsvbgsvb\/ruta-oficial\" target=\"_blank\">web del grupo senderista.<\/a><\/p>\n<p>&nbsp;<\/p>\n<p>&nbsp;<\/p>\n<!-- AddThis Advanced Settings generic via filter on the_content --><!-- AddThis Share Buttons generic via filter on the_content -->","protected":false},"excerpt":{"rendered":"<p>El Grupo Senderista Vegas Bajas ha programado para el domingo 7 de mayo una ruta por el Cordel de Barba\u00f1o &#8216;Los Arenales&#8217;.\u00a0<!-- AddThis Advanced Settings generic via filter on get_the_excerpt --><!-- AddThis Share Buttons generic via filter on get_the_excerpt --><\/p>\n","protected":false},"author":27,"featured_media":0,"comment_status":"open","ping_status":"closed","sticky":false,"template":"","format":"standard","meta":[],"categories":[3],"tags":[1126,1139,906,940],"_links":{"self":[{"href":"https:\/\/blogs.hoy.es\/senderosextremadura\/wp-json\/wp\/v2\/posts\/4010"}],"collection":[{"href":"https:\/\/blogs.hoy.es\/senderosextremadura\/wp-json\/wp\/v2\/posts"}],"about":[{"href":"https:\/\/blogs.hoy.es\/senderosextremadura\/wp-json\/wp\/v2\/types\/post"}],"author":[{"embeddable":true,"href":"https:\/\/blogs.hoy.es\/senderosextremadura\/wp-json\/wp\/v2\/users\/27"}],"replies":[{"embeddable":true,"href":"https:\/\/blogs.hoy.es\/senderosextremadura\/wp-json\/wp\/v2\/comments?post=4010"}],"version-history":[{"count":0,"href":"https:\/\/blogs.hoy.es\/senderosextremadura\/wp-json\/wp\/v2\/posts\/4010\/revisions"}],"wp:attachment":[{"href":"https:\/\/blogs.hoy.es\/senderosextremadura\/wp-json\/wp\/v2\/media?parent=4010"}],"wp:term":[{"taxonomy":"category","embeddable":true,"href":"https:\/\/blogs.hoy.es\/senderosextremadura\/wp-json\/wp\/v2\/categories?post=4010"},{"taxonomy":"post_tag","embeddable":true,"href":"https:\/\/blogs.hoy.es\/senderosextremadura\/wp-json\/wp\/v2\/tags?post=4010"}],"curies":[{"name":"wp","href":"https:\/\/api.w.org\/{rel}","templated":true}]}}