{"id":4018,"date":"2017-04-26T10:51:50","date_gmt":"2017-04-26T10:51:50","guid":{"rendered":"http:\/\/blogs.hoy.es\/senderosextremadura\/?p=4018"},"modified":"2017-04-26T10:51:50","modified_gmt":"2017-04-26T10:51:50","slug":"ruta-etnobotanica-por-el-castanar-de-hervas","status":"publish","type":"post","link":"https:\/\/blogs.hoy.es\/senderosextremadura\/2017\/04\/26\/ruta-etnobotanica-por-el-castanar-de-hervas\/","title":{"rendered":"Ruta etnobot\u00e1nica por el casta\u00f1ar de Herv\u00e1s"},"content":{"rendered":"<p><a href=\"https:\/\/blogs.hoy.es\/senderosextremadura\/\"><img loading=\"lazy\" class=\"aligncenter size-large wp-image-4019\" title=\"\" src=\"\/senderosextremadura\/wp-content\/uploads\/sites\/22\/2017\/04\/ambroz-sostenible.jpg\" alt=\"\" width=\"600\" height=\"315\" srcset=\"https:\/\/static-blogs.hoy.es\/wp-content\/uploads\/sites\/22\/2017\/04\/ambroz-sostenible.jpg 800w, https:\/\/static-blogs.hoy.es\/wp-content\/uploads\/sites\/22\/2017\/04\/ambroz-sostenible-300x158.jpg 300w, https:\/\/static-blogs.hoy.es\/wp-content\/uploads\/sites\/22\/2017\/04\/ambroz-sostenible-768x404.jpg 768w, https:\/\/static-blogs.hoy.es\/wp-content\/uploads\/sites\/22\/2017\/04\/ambroz-sostenible-600x316.jpg 600w\" sizes=\"(max-width: 600px) 100vw, 600px\" \/><\/a><br \/>\nDentro de la <strong>programaci\u00f3n de Ambroz Sostenible<\/strong>, iniciativa con la que organismos p\u00fablicos, colectivos, voluntarios y asociaciones del Valle del Ambroz se unen para celebrar el 2017 declarado por Naciones Unidas como A\u00f1o Internacional del Turismo Sostenible para el Desarrollo, la asociaci\u00f3n medioambiental Balozano ha organizado una <strong>ruta etnobot\u00e1nica por El Casta\u00f1ar de Herv\u00e1s.<\/strong><!--more--><\/p>\n<p>Esta visita se estructura como una ruta guiada explicativa sobre plantas por el Casta\u00f1ar de Herv\u00e1s, declarado Paisaje Protegido, de una duraci\u00f3n aproximada de 2.30 horas aproximadamente y un aforo m\u00e1ximo 50 personas. La marcha se llevar\u00e1 a cabo este domingo 30 de abril y comenzar\u00e1 a las 9.30 horas en el parque de bomberos de San Andr\u00e9s.<\/p>\n<p>Es necesaria innscripci\u00f3n previa en el correo de la asociaci\u00f3n: <strong>balozano.hervas@gmail.com<\/strong><\/p>\n<!-- AddThis Advanced Settings generic via filter on the_content --><!-- AddThis Share Buttons generic via filter on the_content -->","protected":false},"excerpt":{"rendered":"<p>Dentro de la programaci\u00f3n de Ambroz Sostenible, iniciativa con la que organismos p\u00fablicos, colectivos, voluntarios y asociaciones del Valle del Ambroz se unen para celebrar el 2017 declarado por Naciones Unidas como A\u00f1o Internacional del Turismo Sostenible para el Desarrollo, la asociaci\u00f3n medioambiental Balozano ha organizado una ruta etnobot\u00e1nica por El Casta\u00f1ar de Herv\u00e1s.<!-- AddThis Advanced Settings generic via filter on get_the_excerpt --><!-- AddThis Share Buttons generic via filter on get_the_excerpt --><\/p>\n","protected":false},"author":27,"featured_media":0,"comment_status":"open","ping_status":"closed","sticky":false,"template":"","format":"standard","meta":[],"categories":[3],"tags":[381,821,906,1061],"_links":{"self":[{"href":"https:\/\/blogs.hoy.es\/senderosextremadura\/wp-json\/wp\/v2\/posts\/4018"}],"collection":[{"href":"https:\/\/blogs.hoy.es\/senderosextremadura\/wp-json\/wp\/v2\/posts"}],"about":[{"href":"https:\/\/blogs.hoy.es\/senderosextremadura\/wp-json\/wp\/v2\/types\/post"}],"author":[{"embeddable":true,"href":"https:\/\/blogs.hoy.es\/senderosextremadura\/wp-json\/wp\/v2\/users\/27"}],"replies":[{"embeddable":true,"href":"https:\/\/blogs.hoy.es\/senderosextremadura\/wp-json\/wp\/v2\/comments?post=4018"}],"version-history":[{"count":0,"href":"https:\/\/blogs.hoy.es\/senderosextremadura\/wp-json\/wp\/v2\/posts\/4018\/revisions"}],"wp:attachment":[{"href":"https:\/\/blogs.hoy.es\/senderosextremadura\/wp-json\/wp\/v2\/media?parent=4018"}],"wp:term":[{"taxonomy":"category","embeddable":true,"href":"https:\/\/blogs.hoy.es\/senderosextremadura\/wp-json\/wp\/v2\/categories?post=4018"},{"taxonomy":"post_tag","embeddable":true,"href":"https:\/\/blogs.hoy.es\/senderosextremadura\/wp-json\/wp\/v2\/tags?post=4018"}],"curies":[{"name":"wp","href":"https:\/\/api.w.org\/{rel}","templated":true}]}}